{"id":16092,"date":"2021-05-29T00:31:27","date_gmt":"2021-05-29T00:31:27","guid":{"rendered":"https:\/\/oparanews.com.br\/?p=16092"},"modified":"2021-05-29T00:31:27","modified_gmt":"2021-05-29T00:31:27","slug":"945-744-doses-das-vacinas-contra-a-covid-19-foram-aplicadas-em-alagoas","status":"publish","type":"post","link":"https:\/\/www.oparanews.com.br\/index.php\/2021\/05\/29\/945-744-doses-das-vacinas-contra-a-covid-19-foram-aplicadas-em-alagoas\/","title":{"rendered":"945.744 doses das vacinas contra a Covid-19 foram aplicadas em Alagoas"},"content":{"rendered":"<p>Atualiza\u00e7\u00e3o desta sexta-feira (28\/05), da Secretaria de Estado da Sa\u00fade (Sesau), por meio do Programa Nacional de Imuniza\u00e7\u00e3o em Alagoas (PNI\/AL), e apoio t\u00e9cnico do Conselho Municipal de Secretarias de Sa\u00fade de Alagoas (Cosems\/AL), mostra que 945.744 doses das vacinas contra a Covid-19 foram aplicadas em Alagoas.<\/p>\n<p>S\u00e3o 669.171 pessoas vacinadas com a primeira dose e 276.573 j\u00e1 imunizadas com a segunda dose.<\/p>\n<p>&nbsp;<\/p>\n<p><strong>Fonte: Ascom Sesau<\/strong><\/p>\n<p>&nbsp;<\/p>\n","protected":false},"excerpt":{"rendered":"<p>Atualiza\u00e7\u00e3o desta sexta-feira (28\/05), da Secretaria de Estado da Sa\u00fade (Sesau), por meio do Programa Nacional de Imuniza\u00e7\u00e3o em Alagoas (PNI\/AL), e apoio t\u00e9cnico do Conselho Municipal de Secretarias de Sa\u00fade de Alagoas (Cosems\/AL), mostra que 945.744 doses das vacinas contra a Covid-19 foram aplicadas em Alagoas. S\u00e3o 669.171 pessoas vacinadas com a primeira dose &hellip;<\/p>\n","protected":false},"author":1,"featured_media":16093,"comment_status":"closed","ping_status":"closed","sticky":false,"template":"","format":"standard","meta":{"_jetpack_newsletter_access":"","_jetpack_dont_email_post_to_subs":false,"_jetpack_newsletter_tier_id":0,"_jetpack_memberships_contains_paywalled_content":false,"_jetpack_memberships_contains_paid_content":false,"footnotes":""},"categories":[1],"tags":[],"class_list":["post-16092","post","type-post","status-publish","format-standard","has-post-thumbnail","hentry","category-destaque"],"jetpack_sharing_enabled":true,"jetpack_featured_media_url":"","_links":{"self":[{"href":"https:\/\/www.oparanews.com.br\/index.php\/wp-json\/wp\/v2\/posts\/16092","targetHints":{"allow":["GET"]}}],"collection":[{"href":"https:\/\/www.oparanews.com.br\/index.php\/wp-json\/wp\/v2\/posts"}],"about":[{"href":"https:\/\/www.oparanews.com.br\/index.php\/wp-json\/wp\/v2\/types\/post"}],"author":[{"embeddable":true,"href":"https:\/\/www.oparanews.com.br\/index.php\/wp-json\/wp\/v2\/users\/1"}],"replies":[{"embeddable":true,"href":"https:\/\/www.oparanews.com.br\/index.php\/wp-json\/wp\/v2\/comments?post=16092"}],"version-history":[{"count":0,"href":"https:\/\/www.oparanews.com.br\/index.php\/wp-json\/wp\/v2\/posts\/16092\/revisions"}],"wp:attachment":[{"href":"https:\/\/www.oparanews.com.br\/index.php\/wp-json\/wp\/v2\/media?parent=16092"}],"wp:term":[{"taxonomy":"category","embeddable":true,"href":"https:\/\/www.oparanews.com.br\/index.php\/wp-json\/wp\/v2\/categories?post=16092"},{"taxonomy":"post_tag","embeddable":true,"href":"https:\/\/www.oparanews.com.br\/index.php\/wp-json\/wp\/v2\/tags?post=16092"}],"curies":[{"name":"wp","href":"https:\/\/api.w.org\/{rel}","templated":true}]}}