{"id":16095,"date":"2021-05-29T01:10:30","date_gmt":"2021-05-29T01:10:30","guid":{"rendered":"https:\/\/oparanews.com.br\/?p=16095"},"modified":"2021-05-29T01:10:30","modified_gmt":"2021-05-29T01:10:30","slug":"corpo-de-reeducando-e-encontrado-esquartejado-no-sistema-prisional-de-alagoas","status":"publish","type":"post","link":"https:\/\/www.oparanews.com.br\/index.php\/2021\/05\/29\/corpo-de-reeducando-e-encontrado-esquartejado-no-sistema-prisional-de-alagoas\/","title":{"rendered":"Corpo de reeducando \u00e9 encontrado esquartejado no Sistema Prisional de Alagoas"},"content":{"rendered":"<p>O corpo de um reeducando foi encontrado esquartejado dentro de um barril, no in\u00edcio da noite desta sexta-feira (28), na Penitenci\u00e1ria de Seguran\u00e7a M\u00e1xima II, em Macei\u00f3. O \u00f3bito foi confirmado pela Secretaria de Estado de Ressocializa\u00e7\u00e3o e Inclus\u00e3o Social (SERIS).<\/p>\n<p>Por meio de nota, a SERIS informou que o reeducando estava na cela 5, do m\u00f3dulo A. Ele foi identificado como Wellington Vieira dos Santos e completava a pena desde maio de 2019.<\/p>\n<p>O \u00f3rg\u00e3o ainda relatou que acionou a Delegacia de Homic\u00eddios da Pol\u00edcia Civil, o Instituto de Criminal\u00edstica (IC), o Instituto M\u00e9dico Legal (IML) e a Vara de Execu\u00e7\u00f5es Penais para a apura\u00e7\u00e3o do caso e a realiza\u00e7\u00e3o dos procedimentos cab\u00edveis.<\/p>\n<p>&#8220;Equipe psicossocial da Seris, por sua vez, est\u00e1 respons\u00e1vel por comunicar o fato aos familiares do reeducando, prestando-lhes a assist\u00eancia que se fizer necess\u00e1ria&#8221;, diz trecho da nota.<\/p>\n<p>&nbsp;<\/p>\n<p><strong>Fonte: Gazetaweb<\/strong><\/p>\n<p>&nbsp;<\/p>\n","protected":false},"excerpt":{"rendered":"<p>O corpo de um reeducando foi encontrado esquartejado dentro de um barril, no in\u00edcio da noite desta sexta-feira (28), na Penitenci\u00e1ria de Seguran\u00e7a M\u00e1xima II, em Macei\u00f3. O \u00f3bito foi confirmado pela Secretaria de Estado de Ressocializa\u00e7\u00e3o e Inclus\u00e3o Social (SERIS). Por meio de nota, a SERIS informou que o reeducando estava na cela 5, &hellip;<\/p>\n","protected":false},"author":1,"featured_media":16096,"comment_status":"closed","ping_status":"closed","sticky":false,"template":"","format":"standard","meta":{"_jetpack_newsletter_access":"","_jetpack_dont_email_post_to_subs":false,"_jetpack_newsletter_tier_id":0,"_jetpack_memberships_contains_paywalled_content":false,"_jetpack_memberships_contains_paid_content":false,"footnotes":""},"categories":[1],"tags":[],"class_list":["post-16095","post","type-post","status-publish","format-standard","has-post-thumbnail","hentry","category-destaque"],"jetpack_sharing_enabled":true,"jetpack_featured_media_url":"","_links":{"self":[{"href":"https:\/\/www.oparanews.com.br\/index.php\/wp-json\/wp\/v2\/posts\/16095","targetHints":{"allow":["GET"]}}],"collection":[{"href":"https:\/\/www.oparanews.com.br\/index.php\/wp-json\/wp\/v2\/posts"}],"about":[{"href":"https:\/\/www.oparanews.com.br\/index.php\/wp-json\/wp\/v2\/types\/post"}],"author":[{"embeddable":true,"href":"https:\/\/www.oparanews.com.br\/index.php\/wp-json\/wp\/v2\/users\/1"}],"replies":[{"embeddable":true,"href":"https:\/\/www.oparanews.com.br\/index.php\/wp-json\/wp\/v2\/comments?post=16095"}],"version-history":[{"count":0,"href":"https:\/\/www.oparanews.com.br\/index.php\/wp-json\/wp\/v2\/posts\/16095\/revisions"}],"wp:attachment":[{"href":"https:\/\/www.oparanews.com.br\/index.php\/wp-json\/wp\/v2\/media?parent=16095"}],"wp:term":[{"taxonomy":"category","embeddable":true,"href":"https:\/\/www.oparanews.com.br\/index.php\/wp-json\/wp\/v2\/categories?post=16095"},{"taxonomy":"post_tag","embeddable":true,"href":"https:\/\/www.oparanews.com.br\/index.php\/wp-json\/wp\/v2\/tags?post=16095"}],"curies":[{"name":"wp","href":"https:\/\/api.w.org\/{rel}","templated":true}]}}