{"id":16101,"date":"2021-05-29T13:41:54","date_gmt":"2021-05-29T13:41:54","guid":{"rendered":"https:\/\/oparanews.com.br\/?p=16101"},"modified":"2021-05-29T13:41:54","modified_gmt":"2021-05-29T13:41:54","slug":"penedo-registra-18-mortes-por-covid-19-em-1-semana","status":"publish","type":"post","link":"https:\/\/www.oparanews.com.br\/index.php\/2021\/05\/29\/penedo-registra-18-mortes-por-covid-19-em-1-semana\/","title":{"rendered":"Penedo registra 18 mortes por Covid-19 em 1 semana"},"content":{"rendered":"<p>Desde o \u00faltimo dia 21 de maio de 2021, Penedo vem registrando \u00f3bitos por Covid-19. Outro ponto alarmante que vem sendo observado \u00e9 o n\u00famero de casos que a cada dia vem registrando n\u00fameros altos.<\/p>\n<p>Segundo dados da Secretaria Municipal de Sa\u00fade de Penedo nos \u00faltimos dias s\u00e3o registrados quase 200 atendimentos na S\u00edndrome Gripal.<\/p>\n<p>At\u00e9 o presente momento, Penedo registra 55 \u00f3bitos por Covid-19 segundo o \u00faltimo boletim epidemiol\u00f3gico da Secretaria Estadual da Sa\u00fade de Alagoas.<\/p>\n<p>Ap\u00f3s esse aumento de \u00f3bitos e de casos, tanto a Prefeitura como a Policia Militar intensificaram as fiscaliza\u00e7\u00f5es para tentar conter as aglomera\u00e7\u00f5es que tanto contribui para a dissemina\u00e7\u00e3o do v\u00edrus.<\/p>\n<p>Veja abaixo os registros dos \u00f3bitos em uma semana em Penedo:<\/p>\n<p><strong>21\/05\/2021<\/strong><\/p>\n<p>Homem, 40 anos<br \/>\nHomem, 88 anos<\/p>\n<p><strong>22\/05\/2021<\/strong><\/p>\n<p>Homem, 66 anos<br \/>\nHomem, 86 anos<br \/>\nMulher, 70 anos<\/p>\n<p><strong>23\/05\/2021<\/strong><\/p>\n<p>Homem, 64 anos<br \/>\nHomem, 76 anos<br \/>\nMulher, 70 anos<\/p>\n<p><strong>24\/05\/2021<\/strong><\/p>\n<p>Homem, 66 anos<br \/>\nHomem, 68 anos<\/p>\n<p><strong>25\/05\/2021<\/strong><\/p>\n<p>Mulher, 75 anos<br \/>\nMulher, 83 anos<\/p>\n<p><strong>26\/05\/2021<\/strong><\/p>\n<p>Mulher, 78 anos<br \/>\nHomem, 73 anos<\/p>\n<p><strong>27\/05\/2021<\/strong><\/p>\n<p>Homem, 65 anos<br \/>\nHomem, 100 anos<\/p>\n<p><strong>28.05.2021<\/strong><\/p>\n<p>Homem, 66 anos<br \/>\nMulher, 95 anos<\/p>\n<p>&nbsp;<\/p>\n<p><strong>por Reda\u00e7\u00e3o<\/strong><\/p>\n<p>&nbsp;<\/p>\n","protected":false},"excerpt":{"rendered":"<p>Desde o \u00faltimo dia 21 de maio de 2021, Penedo vem registrando \u00f3bitos por Covid-19. Outro ponto alarmante que vem sendo observado \u00e9 o n\u00famero de casos que a cada dia vem registrando n\u00fameros altos. Segundo dados da Secretaria Municipal de Sa\u00fade de Penedo nos \u00faltimos dias s\u00e3o registrados quase 200 atendimentos na S\u00edndrome Gripal. &hellip;<\/p>\n","protected":false},"author":1,"featured_media":16102,"comment_status":"closed","ping_status":"closed","sticky":false,"template":"","format":"standard","meta":{"_jetpack_newsletter_access":"","_jetpack_dont_email_post_to_subs":false,"_jetpack_newsletter_tier_id":0,"_jetpack_memberships_contains_paywalled_content":false,"_jetpack_memberships_contains_paid_content":false,"footnotes":""},"categories":[1],"tags":[],"class_list":["post-16101","post","type-post","status-publish","format-standard","has-post-thumbnail","hentry","category-destaque"],"jetpack_sharing_enabled":true,"jetpack_featured_media_url":"","_links":{"self":[{"href":"https:\/\/www.oparanews.com.br\/index.php\/wp-json\/wp\/v2\/posts\/16101","targetHints":{"allow":["GET"]}}],"collection":[{"href":"https:\/\/www.oparanews.com.br\/index.php\/wp-json\/wp\/v2\/posts"}],"about":[{"href":"https:\/\/www.oparanews.com.br\/index.php\/wp-json\/wp\/v2\/types\/post"}],"author":[{"embeddable":true,"href":"https:\/\/www.oparanews.com.br\/index.php\/wp-json\/wp\/v2\/users\/1"}],"replies":[{"embeddable":true,"href":"https:\/\/www.oparanews.com.br\/index.php\/wp-json\/wp\/v2\/comments?post=16101"}],"version-history":[{"count":0,"href":"https:\/\/www.oparanews.com.br\/index.php\/wp-json\/wp\/v2\/posts\/16101\/revisions"}],"wp:attachment":[{"href":"https:\/\/www.oparanews.com.br\/index.php\/wp-json\/wp\/v2\/media?parent=16101"}],"wp:term":[{"taxonomy":"category","embeddable":true,"href":"https:\/\/www.oparanews.com.br\/index.php\/wp-json\/wp\/v2\/categories?post=16101"},{"taxonomy":"post_tag","embeddable":true,"href":"https:\/\/www.oparanews.com.br\/index.php\/wp-json\/wp\/v2\/tags?post=16101"}],"curies":[{"name":"wp","href":"https:\/\/api.w.org\/{rel}","templated":true}]}}