{"id":16104,"date":"2021-05-29T21:00:52","date_gmt":"2021-05-29T21:00:52","guid":{"rendered":"https:\/\/oparanews.com.br\/?p=16104"},"modified":"2021-05-29T21:00:52","modified_gmt":"2021-05-29T21:00:52","slug":"prefeitura-de-penedo-apoia-campanha-velho-chico-para-todos","status":"publish","type":"post","link":"https:\/\/www.oparanews.com.br\/index.php\/2021\/05\/29\/prefeitura-de-penedo-apoia-campanha-velho-chico-para-todos\/","title":{"rendered":"Prefeitura de Penedo apoia campanha Velho Chico Para Todos"},"content":{"rendered":"<p>O dia 03 de junho foi institu\u00eddo pelo Comit\u00ea da Bacia Hidrogr\u00e1fica do Rio S\u00e3o Francisco (CBHSF) como o Dia Nacional em Defesa do Velho Chico. Para divulgar essa data o CBHSF lan\u00e7ou, em 2014, a campanha \u201cEu viro carranca para defender o Velho Chico\u201d. O objetivo \u00e9 conscientizar a popula\u00e7\u00e3o sobre a preserva\u00e7\u00e3o do rio e mobilizar todos pelo uso respons\u00e1vel dos seus recursos h\u00eddricos.<\/p>\n<p>\u00c9 uma campanha exitosa, o que pode ser comprovado pelo resultado alcan\u00e7ado na m\u00eddia no per\u00edodo que antecedeu o Dia Nacional em Defesa do Rio S\u00e3o Francisco e na cobertura e repercuss\u00e3o da Campanha nos ve\u00edculos de comunica\u00e7\u00e3o de todo o pa\u00eds, al\u00e9m da ades\u00e3o volunt\u00e1ria de diversas ONGs, entidades governamentais, institui\u00e7\u00f5es, entre outros.<\/p>\n<p>Todo o esfor\u00e7o teve como consequ\u00eancia a conquista do primeiro lugar no Pr\u00eamio ANA 2021, na categoria SINGREH, reconhecimento que muito nos honra.<\/p>\n<p>Este ano, com o mote VELHO CHICO PARA TODOS, a campanha tem como foco os usos m\u00faltiplos do Velho Chico e da necessidade de se concretizar o Pacto das \u00c1guas na bacia do S\u00e3o Francisco. \u201cAs \u00e1guas do rio S\u00e3o Francisco, bem como seus reservat\u00f3rios, est\u00e3o vocacionadas para os usos m\u00faltiplos, e n\u00e3o s\u00f3 para a gera\u00e7\u00e3o de energia.<\/p>\n<p>Queremos sinalizar, com essa campanha, que todos aqueles que se beneficiam das \u00e1guas sanfranciscanas devem ter compromisso com a sua preserva\u00e7\u00e3o e com a sa\u00fade do seu ecossistema\u201d, destaca o presidente do CBHSF, Anivaldo Miranda.<\/p>\n<p>Os usos m\u00faltiplos abrangem abastecimento p\u00fablico, agricultura, ind\u00fastria, gera\u00e7\u00e3o de energia, navega\u00e7\u00e3o, pesca e aquicultura, turismo e recrea\u00e7\u00e3o, entre outros. A diversidade de setores usu\u00e1rios provoca uma s\u00e9rie de impactos \u2013 positivos e negativos \u2013 entre as diferentes atividades, o que resulta em intera\u00e7\u00f5es complexas.<\/p>\n<p>Por conta de todas essas diferen\u00e7as, o m\u00faltiplo uso n\u00e3o \u00e9 uma quest\u00e3o consensual. Diverg\u00eancias e conflitos avan\u00e7am \u00e0 medida que aumentam a demanda e a escassez de recursos. O \u00fanico consenso \u00e9 que se trata de um tema que merece ser amplamente discutido pelos diferentes setores e a sociedade como um todo. Por isso, o CBH S\u00e3o Francisco vem elaborando estudos e realizando discuss\u00f5es para a concretiza\u00e7\u00e3o de um Pacto das \u00c1guas para a bacia do Velho Chico. O Pacto das \u00c1guas deve prever a\u00e7\u00f5es coordenadas que levem \u00e0 distribui\u00e7\u00e3o harm\u00f4nica das \u00e1guas aos seus usos m\u00faltiplos, evitando conflitos e garantindo \u00e1gua de qualidade e em quantidade para todos.<\/p>\n<p>O CBHSF continua seguindo as recomenda\u00e7\u00f5es das autoridades de sa\u00fade, e para evitar aglomera\u00e7\u00e3o de pessoas, utilizar\u00e1 a m\u00eddia para a dissemina\u00e7\u00e3o da campanha, por meio de podcasts, spots para r\u00e1dio, VTs para veicula\u00e7\u00e3o em televis\u00e3o e na web, al\u00e9m das redes sociais.<\/p>\n<p>\u201cEste \u00e9 um momento de conscientiza\u00e7\u00e3o geral para defender o rio de forma muito concreta, lutando pela restaura\u00e7\u00e3o de suas matas ciliares, pela recarga de aqu\u00edferos, pela defesa e prote\u00e7\u00e3o das nascentes, contra o processo de contamina\u00e7\u00e3o de suas \u00e1guas por agrot\u00f3xicos e pelo lan\u00e7amento de esgotos\u201d, explica Anivaldo. E completa: \u201cDevemos tirar de fato da gaveta o programa de revitaliza\u00e7\u00e3o e mobilizar todos para que os instrumentos de gest\u00e3o sejam universalizados na bacia do S\u00e3o Francisco\u201d.<\/p>\n<p>A Prefeitura de Penedo apoia essa causa e vira carranca para defender o Velho Chico!<\/p>\n<p>&nbsp;<\/p>\n<p><strong>Fonte: Assessoria CBHSF<\/strong><\/p>\n<p>&nbsp;<\/p>\n","protected":false},"excerpt":{"rendered":"<p>O dia 03 de junho foi institu\u00eddo pelo Comit\u00ea da Bacia Hidrogr\u00e1fica do Rio S\u00e3o Francisco (CBHSF) como o Dia Nacional em Defesa do Velho Chico. Para divulgar essa data o CBHSF lan\u00e7ou, em 2014, a campanha \u201cEu viro carranca para defender o Velho Chico\u201d. O objetivo \u00e9 conscientizar a popula\u00e7\u00e3o sobre a preserva\u00e7\u00e3o do &hellip;<\/p>\n","protected":false},"author":1,"featured_media":16105,"comment_status":"closed","ping_status":"closed","sticky":false,"template":"","format":"standard","meta":{"_jetpack_newsletter_access":"","_jetpack_dont_email_post_to_subs":false,"_jetpack_newsletter_tier_id":0,"_jetpack_memberships_contains_paywalled_content":false,"_jetpack_memberships_contains_paid_content":false,"footnotes":""},"categories":[1],"tags":[],"class_list":["post-16104","post","type-post","status-publish","format-standard","has-post-thumbnail","hentry","category-destaque"],"jetpack_sharing_enabled":true,"jetpack_featured_media_url":"","_links":{"self":[{"href":"https:\/\/www.oparanews.com.br\/index.php\/wp-json\/wp\/v2\/posts\/16104","targetHints":{"allow":["GET"]}}],"collection":[{"href":"https:\/\/www.oparanews.com.br\/index.php\/wp-json\/wp\/v2\/posts"}],"about":[{"href":"https:\/\/www.oparanews.com.br\/index.php\/wp-json\/wp\/v2\/types\/post"}],"author":[{"embeddable":true,"href":"https:\/\/www.oparanews.com.br\/index.php\/wp-json\/wp\/v2\/users\/1"}],"replies":[{"embeddable":true,"href":"https:\/\/www.oparanews.com.br\/index.php\/wp-json\/wp\/v2\/comments?post=16104"}],"version-history":[{"count":0,"href":"https:\/\/www.oparanews.com.br\/index.php\/wp-json\/wp\/v2\/posts\/16104\/revisions"}],"wp:attachment":[{"href":"https:\/\/www.oparanews.com.br\/index.php\/wp-json\/wp\/v2\/media?parent=16104"}],"wp:term":[{"taxonomy":"category","embeddable":true,"href":"https:\/\/www.oparanews.com.br\/index.php\/wp-json\/wp\/v2\/categories?post=16104"},{"taxonomy":"post_tag","embeddable":true,"href":"https:\/\/www.oparanews.com.br\/index.php\/wp-json\/wp\/v2\/tags?post=16104"}],"curies":[{"name":"wp","href":"https:\/\/api.w.org\/{rel}","templated":true}]}}