{"id":16107,"date":"2021-05-30T15:05:02","date_gmt":"2021-05-30T15:05:02","guid":{"rendered":"https:\/\/oparanews.com.br\/?p=16107"},"modified":"2021-05-30T15:05:02","modified_gmt":"2021-05-30T15:05:02","slug":"sems-penedo-amplia-vacinacao-contra-covid-19-para-pessoas-a-partir-de-52-anos","status":"publish","type":"post","link":"https:\/\/www.oparanews.com.br\/index.php\/2021\/05\/30\/sems-penedo-amplia-vacinacao-contra-covid-19-para-pessoas-a-partir-de-52-anos\/","title":{"rendered":"SEMS Penedo amplia vacina\u00e7\u00e3o contra Covid-19 para pessoas a partir de 52 anos"},"content":{"rendered":"<p>A Secretaria Municipal de Sa\u00fade (SEMS) da Prefeitura de Penedo vacina contra Covid-19 pessoas a partir de 52 anos de idade.<\/p>\n<p>A partir da pr\u00f3xima segunda-feira, 31 de maio, a SEMS inicia a vacina\u00e7\u00e3o de novas faixas et\u00e1rias, come\u00e7ando com as pessoas a partir dos 54 anos de idade.<\/p>\n<p>J\u00e1 na ter\u00e7a-feira, 1\u00ba de junho ser\u00e1 a vez da popula\u00e7\u00e3o acima dos 53 anos e na quarta, 2 de junho, para o pessoal acima dos 52 anos de idade.<\/p>\n<p><a href=\"https:\/\/oparanews.com.br\/wp-content\/uploads\/2021\/05\/Sem-t\u00edtulo-233.jpg\"><img loading=\"lazy\" decoding=\"async\" class=\"size-full wp-image-16109 alignleft\" src=\"https:\/\/oparanews.com.br\/wp-content\/uploads\/2021\/05\/Sem-t\u00edtulo-233.jpg\" alt=\"\" width=\"384\" height=\"420\" \/><\/a>A Secretaria Municipal de Sa\u00fade informa tamb\u00e9m, que as faixas et\u00e1rias acima da idade m\u00ednima continuam sendo vacinadas, nos dias posteriores ao dia informado para iniciar as novas idades.<\/p>\n<p>Ou seja a Prefeitura de Penedo segue vacinando as pessoas com mais idade nos dias seguintes, sendo a idade anunciada a faixa et\u00e1ria m\u00ednima para ser vacinada, mas sem proibir os demais que ainda n\u00e3o se vacinaram, de realizar sua imuniza\u00e7\u00e3o.<\/p>\n<p>A medida que Penedo recebe novas doses da vacina, a gest\u00e3o Crescendo Com Seu Povo inclui novas faixas et\u00e1rias da popula\u00e7\u00e3o no grupo priorit\u00e1rio, vacinando dessa forma a popula\u00e7\u00e3o penedense em massa.<\/p>\n<p>A campanha de vacina\u00e7\u00e3o contra o novo coronav\u00edrus avan\u00e7a em Penedo. J\u00e1 foram imunizados at\u00e9 o momento 15.633 pessoas, n\u00famero que j\u00e1 ultrapassa os 20% da popula\u00e7\u00e3o do munic\u00edpio.<\/p>\n<p>A imuniza\u00e7\u00e3o ocorre na Central de Vacina\u00e7\u00e3o contra Covid-19, que funciona na Escola Estadual Ernani M\u00e9ro, das 7h as 17 horas. As pessoas que fa\u00e7am parte do grupo priorit\u00e1rio a ser imunizado devem levar documento oficial com foto, cart\u00e3o do SUS e comprovante de resid\u00eancia.<\/p>\n<p>&nbsp;<\/p>\n<p><strong>por Thiago Sobral &#8211; Decom PMP<\/strong><\/p>\n<p>&nbsp;<\/p>\n","protected":false},"excerpt":{"rendered":"<p>A Secretaria Municipal de Sa\u00fade (SEMS) da Prefeitura de Penedo vacina contra Covid-19 pessoas a partir de 52 anos de idade. A partir da pr\u00f3xima segunda-feira, 31 de maio, a SEMS inicia a vacina\u00e7\u00e3o de novas faixas et\u00e1rias, come\u00e7ando com as pessoas a partir dos 54 anos de idade. J\u00e1 na ter\u00e7a-feira, 1\u00ba de junho &hellip;<\/p>\n","protected":false},"author":1,"featured_media":16108,"comment_status":"closed","ping_status":"closed","sticky":false,"template":"","format":"standard","meta":{"_jetpack_newsletter_access":"","_jetpack_dont_email_post_to_subs":false,"_jetpack_newsletter_tier_id":0,"_jetpack_memberships_contains_paywalled_content":false,"_jetpack_memberships_contains_paid_content":false,"footnotes":""},"categories":[1],"tags":[],"class_list":["post-16107","post","type-post","status-publish","format-standard","has-post-thumbnail","hentry","category-destaque"],"jetpack_sharing_enabled":true,"jetpack_featured_media_url":"","_links":{"self":[{"href":"https:\/\/www.oparanews.com.br\/index.php\/wp-json\/wp\/v2\/posts\/16107","targetHints":{"allow":["GET"]}}],"collection":[{"href":"https:\/\/www.oparanews.com.br\/index.php\/wp-json\/wp\/v2\/posts"}],"about":[{"href":"https:\/\/www.oparanews.com.br\/index.php\/wp-json\/wp\/v2\/types\/post"}],"author":[{"embeddable":true,"href":"https:\/\/www.oparanews.com.br\/index.php\/wp-json\/wp\/v2\/users\/1"}],"replies":[{"embeddable":true,"href":"https:\/\/www.oparanews.com.br\/index.php\/wp-json\/wp\/v2\/comments?post=16107"}],"version-history":[{"count":0,"href":"https:\/\/www.oparanews.com.br\/index.php\/wp-json\/wp\/v2\/posts\/16107\/revisions"}],"wp:attachment":[{"href":"https:\/\/www.oparanews.com.br\/index.php\/wp-json\/wp\/v2\/media?parent=16107"}],"wp:term":[{"taxonomy":"category","embeddable":true,"href":"https:\/\/www.oparanews.com.br\/index.php\/wp-json\/wp\/v2\/categories?post=16107"},{"taxonomy":"post_tag","embeddable":true,"href":"https:\/\/www.oparanews.com.br\/index.php\/wp-json\/wp\/v2\/tags?post=16107"}],"curies":[{"name":"wp","href":"https:\/\/api.w.org\/{rel}","templated":true}]}}