{"id":16114,"date":"2021-05-30T17:46:02","date_gmt":"2021-05-30T17:46:02","guid":{"rendered":"https:\/\/oparanews.com.br\/?p=16114"},"modified":"2021-05-30T17:46:02","modified_gmt":"2021-05-30T17:46:02","slug":"crb-arranca-empate-com-remo-na-estreia-pela-serie-b","status":"publish","type":"post","link":"https:\/\/www.oparanews.com.br\/index.php\/2021\/05\/30\/crb-arranca-empate-com-remo-na-estreia-pela-serie-b\/","title":{"rendered":"CRB arranca empate com Remo na estreia pela S\u00e9rie B"},"content":{"rendered":"<p>A principal competi\u00e7\u00e3o da temporada regatiana teve in\u00edcio neste s\u00e1bado (29). Por\u00e9m, a estreia do CRB na S\u00e9rie B n\u00e3o foi nada feliz. Com dois gols do volante advers\u00e1rio Lucas Siqueira no primeiro tempo, sendo um com o jogador estando em posi\u00e7\u00e3o de impedimento, o Galo amargou um empate com o Remo em 2 a 2 no Rei Pel\u00e9. Hyuri e Diego Torres, no finalzinho, anotaram os gols regatianos.<\/p>\n<p>Com este resultado, o alvirrubros e azulinos conquistam seu primeiro pontinho na competi\u00e7\u00e3o. A partida marcou o retorno do Remo \u00e0 Segundona ap\u00f3s ficar 14 anos revezando na disputa das S\u00e9ries C e D.<\/p>\n<p>Al\u00e9m do pontap\u00e9 inicial na S\u00e9rie B, a partida deste s\u00e1bado tamb\u00e9m foi a estreia de Allan Aal no comando da equipe regatiana. O t\u00e9cnico foi anunciado na \u00faltima segunda-feira (24), horas depois da comunica\u00e7\u00e3o da demiss\u00e3o do ent\u00e3o treinador Roberto Fernandes, ap\u00f3s a perda do t\u00edtulo estadual. O volante Marth\u00e3 e o atacante Vit\u00e3o, contratados no meio da semana, tamb\u00e9m realizam a primeira partida com a camisa alvirrubra.<\/p>\n<p>Agora, o Galo busca se preparar para encarar um desafio gigante pela Copa do Brasil. Nesta quinta (3), a equipe regatiana ir\u00e1 receber o Palmeiras no jogo de ida da terceira fase da competi\u00e7\u00e3o. A partida ser\u00e1 realizada no Rei Pel\u00e9 e tem o seu in\u00edcio previsto para \u00e0s 21h30.<\/p>\n<p>O Remo tamb\u00e9m segue vivo no torneio nacional. A equipe, que eliminou o CSA em pleno Trapich\u00e3o na segunda fase da competi\u00e7\u00e3o ap\u00f3s cobran\u00e7as de p\u00eanalti , ir\u00e1 encarar o Atl\u00e9tico-MG nesta quarta (2), \u00e0s 19h. O palco do duelo ser\u00e1 o Est\u00e1dio Baen\u00e3o, em Bel\u00e9m.<\/p>\n<p>Os alvirrubros voltam a campo pela S\u00e9rie B apenas no pr\u00f3ximo dia 6, um domingo, quando vai at\u00e9 Belo Horizonte para enfrentar o Cruzeiro no Mineir\u00e3o, \u00e0s 18h15. No mesmo dia, mas \u00e0s 19h, o Le\u00e3o Azul recebe o Brasil de Pelotas na sua estreia em casa no campeonato. As partidas s\u00e3o v\u00e1lidas pela segunda rodada.<\/p>\n<p>&nbsp;<\/p>\n<p><strong>Fonte: Gazetaweb<\/strong><\/p>\n<p>&nbsp;<\/p>\n","protected":false},"excerpt":{"rendered":"<p>A principal competi\u00e7\u00e3o da temporada regatiana teve in\u00edcio neste s\u00e1bado (29). Por\u00e9m, a estreia do CRB na S\u00e9rie B n\u00e3o foi nada feliz. Com dois gols do volante advers\u00e1rio Lucas Siqueira no primeiro tempo, sendo um com o jogador estando em posi\u00e7\u00e3o de impedimento, o Galo amargou um empate com o Remo em 2 a &hellip;<\/p>\n","protected":false},"author":1,"featured_media":16115,"comment_status":"closed","ping_status":"closed","sticky":false,"template":"","format":"standard","meta":{"_jetpack_newsletter_access":"","_jetpack_dont_email_post_to_subs":false,"_jetpack_newsletter_tier_id":0,"_jetpack_memberships_contains_paywalled_content":false,"_jetpack_memberships_contains_paid_content":false,"footnotes":""},"categories":[1],"tags":[],"class_list":["post-16114","post","type-post","status-publish","format-standard","has-post-thumbnail","hentry","category-destaque"],"jetpack_sharing_enabled":true,"jetpack_featured_media_url":"","_links":{"self":[{"href":"https:\/\/www.oparanews.com.br\/index.php\/wp-json\/wp\/v2\/posts\/16114","targetHints":{"allow":["GET"]}}],"collection":[{"href":"https:\/\/www.oparanews.com.br\/index.php\/wp-json\/wp\/v2\/posts"}],"about":[{"href":"https:\/\/www.oparanews.com.br\/index.php\/wp-json\/wp\/v2\/types\/post"}],"author":[{"embeddable":true,"href":"https:\/\/www.oparanews.com.br\/index.php\/wp-json\/wp\/v2\/users\/1"}],"replies":[{"embeddable":true,"href":"https:\/\/www.oparanews.com.br\/index.php\/wp-json\/wp\/v2\/comments?post=16114"}],"version-history":[{"count":0,"href":"https:\/\/www.oparanews.com.br\/index.php\/wp-json\/wp\/v2\/posts\/16114\/revisions"}],"wp:attachment":[{"href":"https:\/\/www.oparanews.com.br\/index.php\/wp-json\/wp\/v2\/media?parent=16114"}],"wp:term":[{"taxonomy":"category","embeddable":true,"href":"https:\/\/www.oparanews.com.br\/index.php\/wp-json\/wp\/v2\/categories?post=16114"},{"taxonomy":"post_tag","embeddable":true,"href":"https:\/\/www.oparanews.com.br\/index.php\/wp-json\/wp\/v2\/tags?post=16114"}],"curies":[{"name":"wp","href":"https:\/\/api.w.org\/{rel}","templated":true}]}}