{"id":16117,"date":"2021-05-30T17:48:25","date_gmt":"2021-05-30T17:48:25","guid":{"rendered":"https:\/\/oparanews.com.br\/?p=16117"},"modified":"2021-05-30T17:48:25","modified_gmt":"2021-05-30T17:48:25","slug":"salto-da-sacada-foi-alucinacao-da-droga-diz-pai-de-mc-kevin","status":"publish","type":"post","link":"https:\/\/www.oparanews.com.br\/index.php\/2021\/05\/30\/salto-da-sacada-foi-alucinacao-da-droga-diz-pai-de-mc-kevin\/","title":{"rendered":"Salto da sacada foi alucina\u00e7\u00e3o da droga, diz pai de MC Kevin"},"content":{"rendered":"<p>Os pais de MC Kevin ainda buscam respostas a morte do filho e, em entrevista ao \u201cDomingo Espetacular\u201d, da Record, que vai ao ar amanh\u00e3 (30), Valk\u00edria Nascimento e Agnaldo Bueno falam sobre os sonhos e conquistas do filho, explicam como ser\u00e1 a distribui\u00e7\u00e3o dos bens do cantor e discordam da vers\u00e3o sobre o acidente.<\/p>\n<p>\u201cO pessoal tudo falou que ele se matou por causa da droga. Acredito eu tamb\u00e9m, desse pulo dele, salto dele da sacada l\u00e1, foi da alucina\u00e7\u00e3o por causa da droga sint\u00e9tica\u201d, afirmou o pai.<\/p>\n<p><strong>Fonte: ISTO\u00c9 Gente<\/strong><\/p>\n<p>&nbsp;<\/p>\n","protected":false},"excerpt":{"rendered":"<p>Os pais de MC Kevin ainda buscam respostas a morte do filho e, em entrevista ao \u201cDomingo Espetacular\u201d, da Record, que vai ao ar amanh\u00e3 (30), Valk\u00edria Nascimento e Agnaldo Bueno falam sobre os sonhos e conquistas do filho, explicam como ser\u00e1 a distribui\u00e7\u00e3o dos bens do cantor e discordam da vers\u00e3o sobre o acidente. &hellip;<\/p>\n","protected":false},"author":1,"featured_media":16118,"comment_status":"closed","ping_status":"closed","sticky":false,"template":"","format":"standard","meta":{"_jetpack_newsletter_access":"","_jetpack_dont_email_post_to_subs":false,"_jetpack_newsletter_tier_id":0,"_jetpack_memberships_contains_paywalled_content":false,"_jetpack_memberships_contains_paid_content":false,"footnotes":""},"categories":[1],"tags":[],"class_list":["post-16117","post","type-post","status-publish","format-standard","has-post-thumbnail","hentry","category-destaque"],"jetpack_sharing_enabled":true,"jetpack_featured_media_url":"","_links":{"self":[{"href":"https:\/\/www.oparanews.com.br\/index.php\/wp-json\/wp\/v2\/posts\/16117","targetHints":{"allow":["GET"]}}],"collection":[{"href":"https:\/\/www.oparanews.com.br\/index.php\/wp-json\/wp\/v2\/posts"}],"about":[{"href":"https:\/\/www.oparanews.com.br\/index.php\/wp-json\/wp\/v2\/types\/post"}],"author":[{"embeddable":true,"href":"https:\/\/www.oparanews.com.br\/index.php\/wp-json\/wp\/v2\/users\/1"}],"replies":[{"embeddable":true,"href":"https:\/\/www.oparanews.com.br\/index.php\/wp-json\/wp\/v2\/comments?post=16117"}],"version-history":[{"count":0,"href":"https:\/\/www.oparanews.com.br\/index.php\/wp-json\/wp\/v2\/posts\/16117\/revisions"}],"wp:attachment":[{"href":"https:\/\/www.oparanews.com.br\/index.php\/wp-json\/wp\/v2\/media?parent=16117"}],"wp:term":[{"taxonomy":"category","embeddable":true,"href":"https:\/\/www.oparanews.com.br\/index.php\/wp-json\/wp\/v2\/categories?post=16117"},{"taxonomy":"post_tag","embeddable":true,"href":"https:\/\/www.oparanews.com.br\/index.php\/wp-json\/wp\/v2\/tags?post=16117"}],"curies":[{"name":"wp","href":"https:\/\/api.w.org\/{rel}","templated":true}]}}