{"id":16123,"date":"2021-05-30T17:56:33","date_gmt":"2021-05-30T17:56:33","guid":{"rendered":"https:\/\/oparanews.com.br\/?p=16123"},"modified":"2021-05-30T17:56:33","modified_gmt":"2021-05-30T17:56:33","slug":"rodrigo-santanna-recebe-alta-apos-internacao-por-covid-19","status":"publish","type":"post","link":"https:\/\/www.oparanews.com.br\/index.php\/2021\/05\/30\/rodrigo-santanna-recebe-alta-apos-internacao-por-covid-19\/","title":{"rendered":"Rodrigo Sant&#8217;Anna recebe alta ap\u00f3s interna\u00e7\u00e3o por covid-19"},"content":{"rendered":"<p>Rodrigo Sant&#8217;Anna recebeu alta da interna\u00e7\u00e3o por covid-19. O humorista de 40 anos estava internado no Hospital Vit\u00f3ria, no Rio de Janeiro, desde quinta-feira (27) para exames complementares.<\/p>\n<p>O an\u00fancio foi feito por ele mesmo, em seus Stories do Instagram. Emocionado, Rodrigo agradeceu \u00e0 toda equipe m\u00e9dica que cuidou dele.<\/p>\n<p>&#8220;Ainda t\u00f4 aqui no hospital, recebi alta agora. Antes de sair daqui, eu n\u00e3o sei nem se vou conseguir falar (&#8230;) Queria agradecer a toda equipe do Hospital Vit\u00f3ria, a gente chega aqui dentro e fica isolado e eles passam a ser nossa fam\u00edlia&#8221;, disse o ator, que agradeceu nominalmente a todos os profissionais de sa\u00fade que o acompanharam.<\/p>\n<p>Rodrigo testou positivo para o novo coronav\u00edrus no dia 19 de maio. Apesar da interna\u00e7\u00e3o, ele n\u00e3o teve muitas complica\u00e7\u00f5es no quadro, apresentando apenas um pouco de tosse e febre baixa nos primeiros dias.<\/p>\n<p>&nbsp;<\/p>\n<p><strong>Fonte: UOL<\/strong><\/p>\n<p>&nbsp;<\/p>\n","protected":false},"excerpt":{"rendered":"<p>Rodrigo Sant&#8217;Anna recebeu alta da interna\u00e7\u00e3o por covid-19. O humorista de 40 anos estava internado no Hospital Vit\u00f3ria, no Rio de Janeiro, desde quinta-feira (27) para exames complementares. O an\u00fancio foi feito por ele mesmo, em seus Stories do Instagram. Emocionado, Rodrigo agradeceu \u00e0 toda equipe m\u00e9dica que cuidou dele. &#8220;Ainda t\u00f4 aqui no hospital, &hellip;<\/p>\n","protected":false},"author":1,"featured_media":16124,"comment_status":"closed","ping_status":"closed","sticky":false,"template":"","format":"standard","meta":{"_jetpack_newsletter_access":"","_jetpack_dont_email_post_to_subs":false,"_jetpack_newsletter_tier_id":0,"_jetpack_memberships_contains_paywalled_content":false,"_jetpack_memberships_contains_paid_content":false,"footnotes":""},"categories":[1],"tags":[],"class_list":["post-16123","post","type-post","status-publish","format-standard","has-post-thumbnail","hentry","category-destaque"],"jetpack_sharing_enabled":true,"jetpack_featured_media_url":"","_links":{"self":[{"href":"https:\/\/www.oparanews.com.br\/index.php\/wp-json\/wp\/v2\/posts\/16123","targetHints":{"allow":["GET"]}}],"collection":[{"href":"https:\/\/www.oparanews.com.br\/index.php\/wp-json\/wp\/v2\/posts"}],"about":[{"href":"https:\/\/www.oparanews.com.br\/index.php\/wp-json\/wp\/v2\/types\/post"}],"author":[{"embeddable":true,"href":"https:\/\/www.oparanews.com.br\/index.php\/wp-json\/wp\/v2\/users\/1"}],"replies":[{"embeddable":true,"href":"https:\/\/www.oparanews.com.br\/index.php\/wp-json\/wp\/v2\/comments?post=16123"}],"version-history":[{"count":0,"href":"https:\/\/www.oparanews.com.br\/index.php\/wp-json\/wp\/v2\/posts\/16123\/revisions"}],"wp:attachment":[{"href":"https:\/\/www.oparanews.com.br\/index.php\/wp-json\/wp\/v2\/media?parent=16123"}],"wp:term":[{"taxonomy":"category","embeddable":true,"href":"https:\/\/www.oparanews.com.br\/index.php\/wp-json\/wp\/v2\/categories?post=16123"},{"taxonomy":"post_tag","embeddable":true,"href":"https:\/\/www.oparanews.com.br\/index.php\/wp-json\/wp\/v2\/tags?post=16123"}],"curies":[{"name":"wp","href":"https:\/\/api.w.org\/{rel}","templated":true}]}}