{"id":16126,"date":"2021-05-30T17:59:47","date_gmt":"2021-05-30T17:59:47","guid":{"rendered":"https:\/\/oparanews.com.br\/?p=16126"},"modified":"2021-05-30T17:59:47","modified_gmt":"2021-05-30T17:59:47","slug":"bolsonaro-pede-para-exercito-nao-punir-pazuello","status":"publish","type":"post","link":"https:\/\/www.oparanews.com.br\/index.php\/2021\/05\/30\/bolsonaro-pede-para-exercito-nao-punir-pazuello\/","title":{"rendered":"Bolsonaro pede para Ex\u00e9rcito n\u00e3o punir Pazuello"},"content":{"rendered":"<p>O presidente Jair Bolsonaro disse ao comandante do Ex\u00e9rcito , general Paulo S\u00e9rgio Nogueira de Oliveira, que n\u00e3o quer que o ex-ministro da Sa\u00fade, Eduardo Pazuello , seja punido por participar, sem m\u00e1scara, de um ato em favor do presidente no Rio de Janeiro no domingo passado (23) , poucos dias ap\u00f3s defender o uso de m\u00e1scara contra a Covid-19 na CPI .<\/p>\n<p>Segundo o jornal Folha de S.Paulo , Bolsonaro deu sinal de que busca livrar Pazuello de qualquer puni\u00e7\u00e3o durante viagem que fez a S\u00e3o Gabriel da Cachoeira (AM) com Paulo S\u00e9rgio, comandante do Ex\u00e9rcito, onde o presidente foi inaugurar uma ponte de menos de 20 metros em visita de dois dias a partir de quinta (27).<\/p>\n<p>General da ativa , Pazuello est\u00e1 no topo da carreira de intendente, respons\u00e1vel pela log\u00edstica militar, com tr\u00eas estrelas. O comandante do Ex\u00e9rcito \u00e9, portanto, seu superior, e o pedido de prote\u00e7\u00e3o ao ex-ministro da Sa\u00fade feito por Bolsonaro acirra a j\u00e1 grave crise entre o Planalto e o Ex\u00e9rcito , de onde o hoje presidente saiu quase expulso como capit\u00e3o em 1988.<\/p>\n<p>Na viagem ao Amazonas em que Bolsonaro defendeu que Pazuello n\u00e3o seja punido estavam presentes, al\u00e9m do comandante do Ex\u00e9rcito, o ministro da Defesa, Walter Braga Netto, e o chefe da Casa Civil, Luiz Eduardo Ramos. Os dois s\u00e3o generais de quatro estrelas, tamb\u00e9m superiores a Pazuello na hierarquia militar , e n\u00e3o teriam gostado do pedido feito pelo presidente para livrar seu ex-ministro.<\/p>\n<p>Entre os generais, a &#8220;desfa\u00e7atez&#8221; de Pazuello em ser flagrado sem m\u00e1scara em diversas oportunidades, mas defender &#8220;medidas preventivas&#8221; na CPI da Covid no Senado e depois ir ao ato bolsonarista sem m\u00e1scara n\u00e3o foi bem vista. O ex-ministro da Sa\u00fade deve, inclusive, ter de voltar \u00e0 CPI em breve para dar explica\u00e7\u00f5es. Em seu \u00faltimo depoimento, Pazuello foi acusado de mentir dezenas de vezes, o que configura crime .<\/p>\n<p>N\u00e3o contente em contradizer seu discurso na CPI ap\u00f3s poucos dias, Pazuello subiu ao palanque para dar apoio ao presidente em um evento de motociclistas no Rio. O ex-chefe da Sa\u00fade foi demitido em mar\u00e7o ap\u00f3s gest\u00e3o considerada desastrosa e ent\u00e3o foi incorporado a um cargo burocr\u00e1tico na Secretaria-Geral do Ex\u00e9rcito.<\/p>\n<p>O Alto-Comando do Ex\u00e9rcito, colegiado de 15 generais de quatro estrelas &#8211; todos superiores a Pazuello &#8211; encabe\u00e7ado por Paulo S\u00e9rgio defendeu punir Pazuello, j\u00e1 que o regimento militar veta manifesta\u00e7\u00f5es pol\u00edticas de quem est\u00e1 fardado (na ativa). O ex-ministro poderia, sem a prote\u00e7\u00e3o de Bolsonaro &#8211; ou com a opini\u00e3o de Bolsonaro n\u00e3o sendo levada em conta &#8211; ser advertido verbalmente, receber uma repreens\u00e3o por escrito ou at\u00e9 mesmo pegar 30 dias de cadeia em um quartel. A ideia de Pazuello ir para a reserva para minimizar a crise j\u00e1 \u00e9 vista como insuficiente no Ex\u00e9rcito.<\/p>\n<p>&nbsp;<\/p>\n<p><strong>Fonte: IG<\/strong><\/p>\n<p>&nbsp;<\/p>\n","protected":false},"excerpt":{"rendered":"<p>O presidente Jair Bolsonaro disse ao comandante do Ex\u00e9rcito , general Paulo S\u00e9rgio Nogueira de Oliveira, que n\u00e3o quer que o ex-ministro da Sa\u00fade, Eduardo Pazuello , seja punido por participar, sem m\u00e1scara, de um ato em favor do presidente no Rio de Janeiro no domingo passado (23) , poucos dias ap\u00f3s defender o uso &hellip;<\/p>\n","protected":false},"author":1,"featured_media":16127,"comment_status":"closed","ping_status":"closed","sticky":false,"template":"","format":"standard","meta":{"_jetpack_newsletter_access":"","_jetpack_dont_email_post_to_subs":false,"_jetpack_newsletter_tier_id":0,"_jetpack_memberships_contains_paywalled_content":false,"_jetpack_memberships_contains_paid_content":false,"footnotes":""},"categories":[1],"tags":[],"class_list":["post-16126","post","type-post","status-publish","format-standard","has-post-thumbnail","hentry","category-destaque"],"jetpack_sharing_enabled":true,"jetpack_featured_media_url":"","_links":{"self":[{"href":"https:\/\/www.oparanews.com.br\/index.php\/wp-json\/wp\/v2\/posts\/16126","targetHints":{"allow":["GET"]}}],"collection":[{"href":"https:\/\/www.oparanews.com.br\/index.php\/wp-json\/wp\/v2\/posts"}],"about":[{"href":"https:\/\/www.oparanews.com.br\/index.php\/wp-json\/wp\/v2\/types\/post"}],"author":[{"embeddable":true,"href":"https:\/\/www.oparanews.com.br\/index.php\/wp-json\/wp\/v2\/users\/1"}],"replies":[{"embeddable":true,"href":"https:\/\/www.oparanews.com.br\/index.php\/wp-json\/wp\/v2\/comments?post=16126"}],"version-history":[{"count":0,"href":"https:\/\/www.oparanews.com.br\/index.php\/wp-json\/wp\/v2\/posts\/16126\/revisions"}],"wp:attachment":[{"href":"https:\/\/www.oparanews.com.br\/index.php\/wp-json\/wp\/v2\/media?parent=16126"}],"wp:term":[{"taxonomy":"category","embeddable":true,"href":"https:\/\/www.oparanews.com.br\/index.php\/wp-json\/wp\/v2\/categories?post=16126"},{"taxonomy":"post_tag","embeddable":true,"href":"https:\/\/www.oparanews.com.br\/index.php\/wp-json\/wp\/v2\/tags?post=16126"}],"curies":[{"name":"wp","href":"https:\/\/api.w.org\/{rel}","templated":true}]}}