{"id":16129,"date":"2021-05-30T18:05:00","date_gmt":"2021-05-30T18:05:00","guid":{"rendered":"https:\/\/oparanews.com.br\/?p=16129"},"modified":"2021-05-30T18:05:00","modified_gmt":"2021-05-30T18:05:00","slug":"covid-19-braulio-bessa-poeta-do-encontro-recebe-alta","status":"publish","type":"post","link":"https:\/\/www.oparanews.com.br\/index.php\/2021\/05\/30\/covid-19-braulio-bessa-poeta-do-encontro-recebe-alta\/","title":{"rendered":"Covid-19: Br\u00e1ulio Bessa, poeta do &#8220;Encontro&#8221;, recebe alta"},"content":{"rendered":"<p>Br\u00e1ulio Bessa, o poeta do programa &#8220;Encontro com F\u00e1tima Bernardes&#8221;, recebeu alta na noite deste s\u00e1bado (28) ap\u00f3s ficar quatro dias internado por complica\u00e7\u00f5es da Covid-19 . O v\u00eddeo da sa\u00edda do escritor do hospital emocionou a web.<\/p>\n<p>&#8220;Nosso reconhecimento e eterna gratid\u00e3o a cada um de voc\u00eas! Quer\u00edamos tamb\u00e9m agradecer novamente a todos os f\u00e3s, amigos e seguidores, que torceram, rezaram e esperaram ansiosamente junto com a gente para que esse momento chegasse logo. Podem ter certeza que o carinho, as mensagens e a energia de voc\u00eas fizeram a diferen\u00e7a para a r\u00e1pida recupera\u00e7\u00e3o do Br\u00e1ulio! Do fundo do cora\u00e7\u00e3o, nosso muito obrigado!&#8221;.<\/p>\n<p>Nesta semana, o perfil oficial do poeta Br\u00e1ulio Bessa, parceiro do &#8220;Encontro com F\u00e1tima Bernardes&#8221;, da Globo, informou na noite desta quarta-feira (26) que ele testou positivo para a Covid-19 h\u00e1 nove dias, em Fortaleza (CE). Internado, foi levado para a UTI por baixa satura\u00e7\u00e3o, mas logo recebeu alta e foi para o leito hospitalar.<\/p>\n<p>&nbsp;<\/p>\n<p><strong>Fonte: IG<\/strong><\/p>\n<p>&nbsp;<\/p>\n","protected":false},"excerpt":{"rendered":"<p>Br\u00e1ulio Bessa, o poeta do programa &#8220;Encontro com F\u00e1tima Bernardes&#8221;, recebeu alta na noite deste s\u00e1bado (28) ap\u00f3s ficar quatro dias internado por complica\u00e7\u00f5es da Covid-19 . O v\u00eddeo da sa\u00edda do escritor do hospital emocionou a web. &#8220;Nosso reconhecimento e eterna gratid\u00e3o a cada um de voc\u00eas! Quer\u00edamos tamb\u00e9m agradecer novamente a todos os &hellip;<\/p>\n","protected":false},"author":1,"featured_media":16130,"comment_status":"closed","ping_status":"closed","sticky":false,"template":"","format":"standard","meta":{"_jetpack_newsletter_access":"","_jetpack_dont_email_post_to_subs":false,"_jetpack_newsletter_tier_id":0,"_jetpack_memberships_contains_paywalled_content":false,"_jetpack_memberships_contains_paid_content":false,"footnotes":""},"categories":[1],"tags":[],"class_list":["post-16129","post","type-post","status-publish","format-standard","has-post-thumbnail","hentry","category-destaque"],"jetpack_sharing_enabled":true,"jetpack_featured_media_url":"","_links":{"self":[{"href":"https:\/\/www.oparanews.com.br\/index.php\/wp-json\/wp\/v2\/posts\/16129","targetHints":{"allow":["GET"]}}],"collection":[{"href":"https:\/\/www.oparanews.com.br\/index.php\/wp-json\/wp\/v2\/posts"}],"about":[{"href":"https:\/\/www.oparanews.com.br\/index.php\/wp-json\/wp\/v2\/types\/post"}],"author":[{"embeddable":true,"href":"https:\/\/www.oparanews.com.br\/index.php\/wp-json\/wp\/v2\/users\/1"}],"replies":[{"embeddable":true,"href":"https:\/\/www.oparanews.com.br\/index.php\/wp-json\/wp\/v2\/comments?post=16129"}],"version-history":[{"count":0,"href":"https:\/\/www.oparanews.com.br\/index.php\/wp-json\/wp\/v2\/posts\/16129\/revisions"}],"wp:attachment":[{"href":"https:\/\/www.oparanews.com.br\/index.php\/wp-json\/wp\/v2\/media?parent=16129"}],"wp:term":[{"taxonomy":"category","embeddable":true,"href":"https:\/\/www.oparanews.com.br\/index.php\/wp-json\/wp\/v2\/categories?post=16129"},{"taxonomy":"post_tag","embeddable":true,"href":"https:\/\/www.oparanews.com.br\/index.php\/wp-json\/wp\/v2\/tags?post=16129"}],"curies":[{"name":"wp","href":"https:\/\/api.w.org\/{rel}","templated":true}]}}