{"id":16143,"date":"2021-05-30T22:07:47","date_gmt":"2021-05-30T22:07:47","guid":{"rendered":"https:\/\/oparanews.com.br\/?p=16143"},"modified":"2021-05-30T22:07:47","modified_gmt":"2021-05-30T22:07:47","slug":"cpi-ja-chegamos-aos-responsaveis-pela-falta-de-vacinas","status":"publish","type":"post","link":"https:\/\/www.oparanews.com.br\/index.php\/2021\/05\/30\/cpi-ja-chegamos-aos-responsaveis-pela-falta-de-vacinas\/","title":{"rendered":"&#8220;J\u00e1 chegamos aos respons\u00e1veis pela falta de vacinas&#8221;"},"content":{"rendered":"<p>O senador Omar Aziz (PSD-AM) , presidente da CPI da Covid no Senado, deu detalhes sobre os pr\u00f3ximos passos da Comiss\u00e3o, falou sobre a falta de cilindros de oxig\u00eanio que gerou colapso na sa\u00fade de Manaus (AM) no in\u00edcio do ano e tamb\u00e9m clamou ao presidente Jair Bolsonaro (sem partido) que &#8220;pelo amor de Deus, compre vacinas&#8221;.<\/p>\n<p>Aziz se emocionou ao falar sobre a morte do irm\u00e3o , o empres\u00e1rio Walid Aziz, em janeiro deste ano devido \u00e0 Covid-19 e refor\u00e7ou a import\u00e2ncia da vacina\u00e7\u00e3o contra a doen\u00e7a e do trabalho da Comiss\u00e3o em investigar as a\u00e7\u00f5es e omiss\u00f5es do governo federal no combate \u00e0 pandemia. &#8220;N\u00e3o \u00e9 vingan\u00e7a, eu procuro justi\u00e7a&#8221;, afirmou. &#8220;\u00c0queles que acharam que a CPI ia dar em pizza, se enganaram, porque n\u00f3s j\u00e1 chegamos aos respons\u00e1veis pela n\u00e3o compra das vacinas&#8221;, afirmou.<\/p>\n<p>Al\u00e9m disso, o senador tamb\u00e9m afirmou que as sess\u00f5es da pr\u00f3xima semana devem provar a exist\u00eancia do chamado &#8216;gabinete paralelo&#8217;, que teria orientado o presidente Bolsonaro em rela\u00e7\u00e3o ao uso de medicamentos sem comprova\u00e7\u00e3o cient\u00edfica no combate \u00e0 Covid-19 .<\/p>\n<p>&nbsp;<\/p>\n<p><strong>Fonte: IG<\/strong><\/p>\n<p>&nbsp;<\/p>\n","protected":false},"excerpt":{"rendered":"<p>O senador Omar Aziz (PSD-AM) , presidente da CPI da Covid no Senado, deu detalhes sobre os pr\u00f3ximos passos da Comiss\u00e3o, falou sobre a falta de cilindros de oxig\u00eanio que gerou colapso na sa\u00fade de Manaus (AM) no in\u00edcio do ano e tamb\u00e9m clamou ao presidente Jair Bolsonaro (sem partido) que &#8220;pelo amor de Deus, &hellip;<\/p>\n","protected":false},"author":1,"featured_media":16144,"comment_status":"closed","ping_status":"closed","sticky":false,"template":"","format":"standard","meta":{"_jetpack_newsletter_access":"","_jetpack_dont_email_post_to_subs":false,"_jetpack_newsletter_tier_id":0,"_jetpack_memberships_contains_paywalled_content":false,"_jetpack_memberships_contains_paid_content":false,"footnotes":""},"categories":[1],"tags":[],"class_list":["post-16143","post","type-post","status-publish","format-standard","has-post-thumbnail","hentry","category-destaque"],"jetpack_sharing_enabled":true,"jetpack_featured_media_url":"","_links":{"self":[{"href":"https:\/\/www.oparanews.com.br\/index.php\/wp-json\/wp\/v2\/posts\/16143","targetHints":{"allow":["GET"]}}],"collection":[{"href":"https:\/\/www.oparanews.com.br\/index.php\/wp-json\/wp\/v2\/posts"}],"about":[{"href":"https:\/\/www.oparanews.com.br\/index.php\/wp-json\/wp\/v2\/types\/post"}],"author":[{"embeddable":true,"href":"https:\/\/www.oparanews.com.br\/index.php\/wp-json\/wp\/v2\/users\/1"}],"replies":[{"embeddable":true,"href":"https:\/\/www.oparanews.com.br\/index.php\/wp-json\/wp\/v2\/comments?post=16143"}],"version-history":[{"count":0,"href":"https:\/\/www.oparanews.com.br\/index.php\/wp-json\/wp\/v2\/posts\/16143\/revisions"}],"wp:attachment":[{"href":"https:\/\/www.oparanews.com.br\/index.php\/wp-json\/wp\/v2\/media?parent=16143"}],"wp:term":[{"taxonomy":"category","embeddable":true,"href":"https:\/\/www.oparanews.com.br\/index.php\/wp-json\/wp\/v2\/categories?post=16143"},{"taxonomy":"post_tag","embeddable":true,"href":"https:\/\/www.oparanews.com.br\/index.php\/wp-json\/wp\/v2\/tags?post=16143"}],"curies":[{"name":"wp","href":"https:\/\/api.w.org\/{rel}","templated":true}]}}