{"id":16147,"date":"2021-05-31T12:49:35","date_gmt":"2021-05-31T12:49:35","guid":{"rendered":"https:\/\/oparanews.com.br\/?p=16147"},"modified":"2021-05-31T12:49:35","modified_gmt":"2021-05-31T12:49:35","slug":"deslizamento-de-terra-compromete-trecho-da-br-101-em-sao-miguel-dos-campos","status":"publish","type":"post","link":"https:\/\/www.oparanews.com.br\/index.php\/2021\/05\/31\/deslizamento-de-terra-compromete-trecho-da-br-101-em-sao-miguel-dos-campos\/","title":{"rendered":"Deslizamento de terra compromete trecho da BR-101, em S\u00e3o Miguel dos Campos"},"content":{"rendered":"<p>Um deslizamento de terra comprometeu trecho da BR-101, em S\u00e3o Miguel dos Campos, na manh\u00e3 desta segunda-feira, 31. Por sorte, n\u00e3o houve acidentes de tr\u00e2nsito no local.<\/p>\n<p>A Pol\u00edcia Rodovi\u00e1ria Federal (PRF) confirmou que o asfalto cedeu no quil\u00f4metro 138 da rodovia nas primeiras horas da manh\u00e3. Uma faixa da pista foi prejudicada, e houve interdi\u00e7\u00e3o total do trecho.<\/p>\n<p>Populares que passaram pelo local informaram que j\u00e1 h\u00e1 sinaliza\u00e7\u00e3o e que os motoristas recebem orienta\u00e7\u00f5es. As informa\u00e7\u00f5es iniciais s\u00e3o de que chovia no momento do deslizamento.<\/p>\n<p>Por volta de 9h, a PRF comunicou que os ve\u00edculos de pequeno porte precisam desviar por dentro do munic\u00edpio. J\u00e1 caminh\u00f5es e outros ve\u00edculos de grande porte podem usar a BR-316, no quil\u00f4metro 101 da BR-101, e seguir at\u00e9 Arapiraca, para sair no quil\u00f4metro 200 da BR-101. Os condutores que est\u00e3o vindo na dire\u00e7\u00e3o decrescente podem seguir a recomenda\u00e7\u00e3o no sentido inverso.<\/p>\n<p>Ainda segundo a PRF, o Departamento Nacional de Infraestrutura de Transportes (DNIT) vai providenciar a obra de reconstru\u00e7\u00e3o.<\/p>\n<p>&nbsp;<\/p>\n<p><strong>Fonte: TNH1<\/strong><\/p>\n<p>&nbsp;<\/p>\n","protected":false},"excerpt":{"rendered":"<p>Um deslizamento de terra comprometeu trecho da BR-101, em S\u00e3o Miguel dos Campos, na manh\u00e3 desta segunda-feira, 31. Por sorte, n\u00e3o houve acidentes de tr\u00e2nsito no local. A Pol\u00edcia Rodovi\u00e1ria Federal (PRF) confirmou que o asfalto cedeu no quil\u00f4metro 138 da rodovia nas primeiras horas da manh\u00e3. Uma faixa da pista foi prejudicada, e houve &hellip;<\/p>\n","protected":false},"author":1,"featured_media":16148,"comment_status":"closed","ping_status":"closed","sticky":false,"template":"","format":"standard","meta":{"_jetpack_newsletter_access":"","_jetpack_dont_email_post_to_subs":false,"_jetpack_newsletter_tier_id":0,"_jetpack_memberships_contains_paywalled_content":false,"_jetpack_memberships_contains_paid_content":false,"footnotes":""},"categories":[1],"tags":[],"class_list":["post-16147","post","type-post","status-publish","format-standard","has-post-thumbnail","hentry","category-destaque"],"jetpack_sharing_enabled":true,"jetpack_featured_media_url":"","_links":{"self":[{"href":"https:\/\/www.oparanews.com.br\/index.php\/wp-json\/wp\/v2\/posts\/16147","targetHints":{"allow":["GET"]}}],"collection":[{"href":"https:\/\/www.oparanews.com.br\/index.php\/wp-json\/wp\/v2\/posts"}],"about":[{"href":"https:\/\/www.oparanews.com.br\/index.php\/wp-json\/wp\/v2\/types\/post"}],"author":[{"embeddable":true,"href":"https:\/\/www.oparanews.com.br\/index.php\/wp-json\/wp\/v2\/users\/1"}],"replies":[{"embeddable":true,"href":"https:\/\/www.oparanews.com.br\/index.php\/wp-json\/wp\/v2\/comments?post=16147"}],"version-history":[{"count":0,"href":"https:\/\/www.oparanews.com.br\/index.php\/wp-json\/wp\/v2\/posts\/16147\/revisions"}],"wp:attachment":[{"href":"https:\/\/www.oparanews.com.br\/index.php\/wp-json\/wp\/v2\/media?parent=16147"}],"wp:term":[{"taxonomy":"category","embeddable":true,"href":"https:\/\/www.oparanews.com.br\/index.php\/wp-json\/wp\/v2\/categories?post=16147"},{"taxonomy":"post_tag","embeddable":true,"href":"https:\/\/www.oparanews.com.br\/index.php\/wp-json\/wp\/v2\/tags?post=16147"}],"curies":[{"name":"wp","href":"https:\/\/api.w.org\/{rel}","templated":true}]}}