{"id":16155,"date":"2021-05-31T13:24:08","date_gmt":"2021-05-31T13:24:08","guid":{"rendered":"https:\/\/oparanews.com.br\/?p=16155"},"modified":"2021-05-31T13:24:08","modified_gmt":"2021-05-31T13:24:08","slug":"mp-al-recomenda-a-prefeitos-alagoanos-que-suspendam-festejos-juninos","status":"publish","type":"post","link":"https:\/\/www.oparanews.com.br\/index.php\/2021\/05\/31\/mp-al-recomenda-a-prefeitos-alagoanos-que-suspendam-festejos-juninos\/","title":{"rendered":"MP\/AL recomenda a prefeitos alagoanos que suspendam festejos juninos"},"content":{"rendered":"<p>A For\u00e7a-Tarefa de Preven\u00e7\u00e3o e Enfrentamento \u00e0 Pandemia da Covid-19 do Minist\u00e9rio P\u00fablico do Estado de Alagoas (MPAL) expediu, nesta segunda-feira (31), a Recomenda\u00e7\u00e3o n\u00ba 6\/21 \u00e0 Associa\u00e7\u00e3o dos Munic\u00edpios Alagoanos (AMA) para que a entidade oriente os gestores p\u00fablicos a n\u00e3o promoverem qualquer tipo de festividade junina em cumprimento aos decretos estadual e municipais que preveem medidas de seguran\u00e7a para evitar a dissemina\u00e7\u00e3o do novo coronav\u00edrus. Os prefeitos ter\u00e3o cinco dias \u00fateis, a contar do recebimento do documento, para informar ao promotor local se v\u00e3o atender ao que foi requerido pela FT.<\/p>\n<p>Na recomenda\u00e7\u00e3o, assinada pelo procurador-geral de Justi\u00e7a, M\u00e1rcio Roberto Ten\u00f3rio de Albuquerque, e pelos demais procuradores e promotores de Justi\u00e7a integrantes da for\u00e7a-tarefa, o Minist\u00e9rio P\u00fablico pede que os prefeitos cancelem ou suspendam todas as festividades pertinentes ao per\u00edodo de S\u00e3o Jo\u00e3o e que eles n\u00e3o publiquem editais para contrata\u00e7\u00e3o de bandas musicais e de forr\u00f3.<\/p>\n<p>O documento tamb\u00e9m orienta que os gestores n\u00e3o promovam concursos de quadrilhas juninas, shows e demais eventos e que eles n\u00e3o concedam autoriza\u00e7\u00f5es para a utiliza\u00e7\u00e3o do espa\u00e7o p\u00fablico para a realiza\u00e7\u00e3o de shows particulares, com ou sem cobran\u00e7a de ingressos.<\/p>\n<p>No entendimento da FT, \u00e9 necess\u00e1rio garantir que em todos os 102 munic\u00edpios alagoanos seja mantido o distanciamento social no per\u00edodo junino \u2013 o que n\u00e3o seria poss\u00edvel caso houvesse as aglomera\u00e7\u00f5es causadas pelos eventos de S\u00e3o Jo\u00e3o, umas das principais recomenda\u00e7\u00f5es das autoridades sanit\u00e1rias e de sa\u00fade para conter a onda de infec\u00e7\u00e3o causada pela Covid-19.<\/p>\n<p>Os alertas do MPAL<\/p>\n<p>No texto da Recomenda\u00e7\u00e3o n\u00ba 6\/21, o MPAL alerta para os n\u00fameros de casos de pacientes infectados no estado e de \u00f3bitos em decorr\u00eancia do novo coronav\u00edrus, que chegou ao patamar de 190.985 (cento e noventa mil, novecentos e oitenta e cinco) pessoas e 4.679 mortos.<\/p>\n<p>A FT tamb\u00e9m chama a aten\u00e7\u00e3o para a ocupa\u00e7\u00e3o di\u00e1ria dos leitos exclusivos para a Covid-19 que, no \u00faltimo dia 26, chegou ao alarmante percentual de 92%. Por fim, ainda foi citada a baixa estocagem de neurobloqueadores musculares em diversos hospitais alagoanos, medicamentos esses que s\u00e3o essenciais ao procedimento de intuba\u00e7\u00e3o de pacientes graves.<\/p>\n<p><strong>Prazo<\/strong><\/p>\n<p>A AMA ter\u00e1 prazo m\u00e1ximo de cinco dias para encaminhar a recomenda\u00e7\u00e3o aos prefeitos dos 102 munic\u00edpios alagoanos e a mesma quantidade de tempo para informar \u00e0 for\u00e7a-tarefa se fez esse devido encaminhamento aos gestores p\u00fablicos.<\/p>\n<p>J\u00e1 os prefeitos tamb\u00e9m ter\u00e3o cinco dias, ap\u00f3s o recebimento do documento, para informar ao promotor da comarca o acatamento ou n\u00e3o dos termos da recomenda\u00e7\u00e3o.<\/p>\n<p>&nbsp;<\/p>\n<p><strong>Fonte: MP\/AL<\/strong><\/p>\n<p>&nbsp;<\/p>\n","protected":false},"excerpt":{"rendered":"<p>A For\u00e7a-Tarefa de Preven\u00e7\u00e3o e Enfrentamento \u00e0 Pandemia da Covid-19 do Minist\u00e9rio P\u00fablico do Estado de Alagoas (MPAL) expediu, nesta segunda-feira (31), a Recomenda\u00e7\u00e3o n\u00ba 6\/21 \u00e0 Associa\u00e7\u00e3o dos Munic\u00edpios Alagoanos (AMA) para que a entidade oriente os gestores p\u00fablicos a n\u00e3o promoverem qualquer tipo de festividade junina em cumprimento aos decretos estadual e municipais &hellip;<\/p>\n","protected":false},"author":1,"featured_media":16156,"comment_status":"closed","ping_status":"closed","sticky":false,"template":"","format":"standard","meta":{"_jetpack_newsletter_access":"","_jetpack_dont_email_post_to_subs":false,"_jetpack_newsletter_tier_id":0,"_jetpack_memberships_contains_paywalled_content":false,"_jetpack_memberships_contains_paid_content":false,"footnotes":""},"categories":[1],"tags":[],"class_list":["post-16155","post","type-post","status-publish","format-standard","has-post-thumbnail","hentry","category-destaque"],"jetpack_sharing_enabled":true,"jetpack_featured_media_url":"","_links":{"self":[{"href":"https:\/\/www.oparanews.com.br\/index.php\/wp-json\/wp\/v2\/posts\/16155","targetHints":{"allow":["GET"]}}],"collection":[{"href":"https:\/\/www.oparanews.com.br\/index.php\/wp-json\/wp\/v2\/posts"}],"about":[{"href":"https:\/\/www.oparanews.com.br\/index.php\/wp-json\/wp\/v2\/types\/post"}],"author":[{"embeddable":true,"href":"https:\/\/www.oparanews.com.br\/index.php\/wp-json\/wp\/v2\/users\/1"}],"replies":[{"embeddable":true,"href":"https:\/\/www.oparanews.com.br\/index.php\/wp-json\/wp\/v2\/comments?post=16155"}],"version-history":[{"count":0,"href":"https:\/\/www.oparanews.com.br\/index.php\/wp-json\/wp\/v2\/posts\/16155\/revisions"}],"wp:attachment":[{"href":"https:\/\/www.oparanews.com.br\/index.php\/wp-json\/wp\/v2\/media?parent=16155"}],"wp:term":[{"taxonomy":"category","embeddable":true,"href":"https:\/\/www.oparanews.com.br\/index.php\/wp-json\/wp\/v2\/categories?post=16155"},{"taxonomy":"post_tag","embeddable":true,"href":"https:\/\/www.oparanews.com.br\/index.php\/wp-json\/wp\/v2\/tags?post=16155"}],"curies":[{"name":"wp","href":"https:\/\/api.w.org\/{rel}","templated":true}]}}