{"id":16161,"date":"2021-05-31T14:27:48","date_gmt":"2021-05-31T14:27:48","guid":{"rendered":"https:\/\/oparanews.com.br\/?p=16161"},"modified":"2021-05-31T14:27:48","modified_gmt":"2021-05-31T14:27:48","slug":"copa-america-conmebol-decide-sediar-torneio-no-brasil","status":"publish","type":"post","link":"https:\/\/www.oparanews.com.br\/index.php\/2021\/05\/31\/copa-america-conmebol-decide-sediar-torneio-no-brasil\/","title":{"rendered":"Copa Am\u00e9rica: Conmebol decide sediar torneio no Brasil"},"content":{"rendered":"<p>O Brasil \u00e9 o novo pa\u00eds-sede da Copa Am\u00e9rica. Ap\u00f3s reuni\u00e3o emergencial nesta segunda-feira, a Conmebol decidiu por transferir para c\u00e1 a realiza\u00e7\u00e3o do torneio, que seria inicialmente na Col\u00f4mbia e na Argentina.<\/p>\n<p>Pesou a favor do Brasil a expertise da organiza\u00e7\u00e3o da \u00faltima Copa Am\u00e9rica, em 2019 (vencida pela Sele\u00e7\u00e3o). Al\u00e9m disso, outro argumento utilizado foi o fato do pa\u00eds ter mais est\u00e1dios em boas condi\u00e7\u00f5es para os jogos das equipes nacionais sul-americanas.<\/p>\n<p>De acordo com a confedera\u00e7\u00e3o, as datas de in\u00edcio e t\u00e9rmino do torneio est\u00e3o confirmadas \u2014 11 de junho e 10 de julho. As cidades-sedes e a tabela de jogos ser\u00e3o confirmadas &#8220;nas pr\u00f3ximas horas&#8221;. A Conmebol estuda a possibilidade de fazer a final no Rio de Janeiro.<\/p>\n<p>At\u00e9 o in\u00edcio da reuni\u00e3o, a possibilidade de o Brasil organizar o torneio era descartada tanto pela CBF quanto pela Conmebol. Mas ao longo do encontro mencionou-se que o pa\u00eds tem est\u00e1dios de Copa do Mundo que est\u00e3o ociosos, como Man\u00e9 Garrincha em Bras\u00edlia, Arena da Amaz\u00f4nia, Arena Pernambuco e Arena das Dunas em Natal.<\/p>\n<p>A ideia \u00e9 colocar um grupo para jogar em Manaus e Bras\u00edlia, o outro nos dois est\u00e1dios do Nordeste. O Campeonato Brasileiro n\u00e3o ser\u00e1 interrompido.<\/p>\n<p>A Conmebol havia anunciado no domingo que outros pa\u00edses tinham mostrado interesse em abrigar a competi\u00e7\u00e3o de sele\u00e7\u00f5es sul-americanas. Os governos do Equador e da Venezuela enviaram propostas oficiais \u00e0 Conmebol para receberem os jogos que seriam na Col\u00f4mbia.<\/p>\n<p>J\u00e1 o Chile tamb\u00e9m tinha surgido como candidato informal para compartilhar o torneio com a Argentina. Mas como s\u00f3 poderia receber um grupo, a Conmebol achou melhor fazer tudo num s\u00f3 pa\u00eds, para evitar deslocamentos.<\/p>\n<p>A Argentina deixou de ser sede da Copa Am\u00e9rica devido \u00e0 piora da pandemia de Covid-19 no pa\u00eds. O ministro do Interior, Wado de Pedro, disse no domingo que organizar o torneio seria invi\u00e1vel, principalmente em Mendoza, C\u00f3rdoba, Buenos Aires, Tucum\u00e1n e Santa F\u00e9. A Argentina tem cerca de 45 milh\u00f5es de habitantes, e registrou at\u00e9 agora mais de 3,6 milh\u00f5es de casos, com mais de 76 mil mortes.<\/p>\n<p>A Col\u00f4mbia, por sua vez, abriu m\u00e3o da Copa Am\u00e9rica devido aos protestos populares vividos pelo pa\u00eds nas \u00faltimas semanas.<\/p>\n<p>A Conmebol estimava que, sem p\u00fablico e sem a participa\u00e7\u00e3o das convidadas Austr\u00e1lia e Catar, o torneio daria um preju\u00edzo de US$ 30 milh\u00f5es.<\/p>\n<p>No m\u00eas passado, a Conmebol havia anunciado um aumento na premia\u00e7\u00e3o da Copa Am\u00e9rica, com o campe\u00e3o passando a faturar US$ 10 milh\u00f5es (cerca de R$ 57 milh\u00f5es), al\u00e9m dos US$ 4 milh\u00f5es (quase R$ 23 milh\u00f5es) que cada sele\u00e7\u00e3o recebe por participar do torneio. Na edi\u00e7\u00e3o anterior, disputada em 2019 no Brasil, o campe\u00e3o levou US$ 7,5 milh\u00f5es.<\/p>\n<p>Enquanto isso, as equipes participantes do torneio come\u00e7aram a se reunir na semana passada, em prepara\u00e7\u00e3o para jogos das eliminat\u00f3rias da Am\u00e9rica do Sul. \u00c9 o caso da sele\u00e7\u00e3o brasileira, que vem trabalhando na Granja Comary desde a \u00faltima quinta-feira.<\/p>\n<p>&nbsp;<\/p>\n<p><strong>Fonte: GE<\/strong><\/p>\n<p>&nbsp;<\/p>\n","protected":false},"excerpt":{"rendered":"<p>O Brasil \u00e9 o novo pa\u00eds-sede da Copa Am\u00e9rica. Ap\u00f3s reuni\u00e3o emergencial nesta segunda-feira, a Conmebol decidiu por transferir para c\u00e1 a realiza\u00e7\u00e3o do torneio, que seria inicialmente na Col\u00f4mbia e na Argentina. Pesou a favor do Brasil a expertise da organiza\u00e7\u00e3o da \u00faltima Copa Am\u00e9rica, em 2019 (vencida pela Sele\u00e7\u00e3o). Al\u00e9m disso, outro argumento &hellip;<\/p>\n","protected":false},"author":1,"featured_media":16162,"comment_status":"closed","ping_status":"closed","sticky":false,"template":"","format":"standard","meta":{"_jetpack_newsletter_access":"","_jetpack_dont_email_post_to_subs":false,"_jetpack_newsletter_tier_id":0,"_jetpack_memberships_contains_paywalled_content":false,"_jetpack_memberships_contains_paid_content":false,"footnotes":""},"categories":[1],"tags":[],"class_list":["post-16161","post","type-post","status-publish","format-standard","has-post-thumbnail","hentry","category-destaque"],"jetpack_sharing_enabled":true,"jetpack_featured_media_url":"","_links":{"self":[{"href":"https:\/\/www.oparanews.com.br\/index.php\/wp-json\/wp\/v2\/posts\/16161","targetHints":{"allow":["GET"]}}],"collection":[{"href":"https:\/\/www.oparanews.com.br\/index.php\/wp-json\/wp\/v2\/posts"}],"about":[{"href":"https:\/\/www.oparanews.com.br\/index.php\/wp-json\/wp\/v2\/types\/post"}],"author":[{"embeddable":true,"href":"https:\/\/www.oparanews.com.br\/index.php\/wp-json\/wp\/v2\/users\/1"}],"replies":[{"embeddable":true,"href":"https:\/\/www.oparanews.com.br\/index.php\/wp-json\/wp\/v2\/comments?post=16161"}],"version-history":[{"count":0,"href":"https:\/\/www.oparanews.com.br\/index.php\/wp-json\/wp\/v2\/posts\/16161\/revisions"}],"wp:attachment":[{"href":"https:\/\/www.oparanews.com.br\/index.php\/wp-json\/wp\/v2\/media?parent=16161"}],"wp:term":[{"taxonomy":"category","embeddable":true,"href":"https:\/\/www.oparanews.com.br\/index.php\/wp-json\/wp\/v2\/categories?post=16161"},{"taxonomy":"post_tag","embeddable":true,"href":"https:\/\/www.oparanews.com.br\/index.php\/wp-json\/wp\/v2\/tags?post=16161"}],"curies":[{"name":"wp","href":"https:\/\/api.w.org\/{rel}","templated":true}]}}