{"id":16164,"date":"2021-05-31T19:27:48","date_gmt":"2021-05-31T19:27:48","guid":{"rendered":"https:\/\/oparanews.com.br\/?p=16164"},"modified":"2021-05-31T19:27:48","modified_gmt":"2021-05-31T19:27:48","slug":"ocupacao-de-leitos-de-uti-covid-chega-a-100-em-municipios-do-interior-de-alagoas","status":"publish","type":"post","link":"https:\/\/www.oparanews.com.br\/index.php\/2021\/05\/31\/ocupacao-de-leitos-de-uti-covid-chega-a-100-em-municipios-do-interior-de-alagoas\/","title":{"rendered":"Ocupa\u00e7\u00e3o de leitos de UTI Covid chega a 100% em munic\u00edpios do interior de Alagoas"},"content":{"rendered":"<p>A taxa de ocupa\u00e7\u00e3o de leitos de UTI exclusivos para pacientes com Covid-19 chegou a 100% em tr\u00eas munic\u00edpios do interior: Arapiraca, Santana do Ipanema e Porto Calvo. Em Macei\u00f3, a taxa tamb\u00e9m \u00e9 alta, 90% de ocupa\u00e7\u00e3o.<\/p>\n<p>Os dados s\u00e3o do \u00faltimo boletim de leitos da Secretaria de Estado da Sa\u00fade (Sesau), atualizado \u00e0s 16h de domingo (30).<\/p>\n<p>Nos tr\u00eas munic\u00edpios do interior, houve alta em rela\u00e7\u00e3o ao divulgado um dia antes:<\/p>\n<ul>\n<li>Arapiraca passou de 90% para 100%<\/li>\n<li>Santana de Ipanema passou de 93% para 100%<\/li>\n<li>Porto Calvo passou de 90% para 100%<\/li>\n<\/ul>\n<p>Mas \u00e9 em Santana do Ipanema que a situa\u00e7\u00e3o fica mais cr\u00edtica. O munic\u00edpio est\u00e1 com lota\u00e7\u00e3o m\u00e1xima nos dois tipos de leitos, UTI e cl\u00ednico. Arapiraca e Porto Calvo tem taxa menor de ocupa\u00e7\u00e3o dos leitos cl\u00ednicos, 91% e 44%, respectivamente.<\/p>\n<p>Em todo o estado, a taxa m\u00e9dia de ocupa\u00e7\u00e3o das UTIs \u00e9 de 92%. No interior, a ocupa\u00e7\u00e3o m\u00e9dia \u00e9 ainda maior, 94%. Em todos os munic\u00edpios do interior que t\u00eam leitos de UTI dispon\u00edveis, a taxa est\u00e1 acima da m\u00e9dia de seguran\u00e7a recomendada por especialistas, que \u00e9 de 70%.<\/p>\n<p>&nbsp;<\/p>\n<p><strong>Fonte: G1\/AL<\/strong><\/p>\n<p>&nbsp;<\/p>\n","protected":false},"excerpt":{"rendered":"<p>A taxa de ocupa\u00e7\u00e3o de leitos de UTI exclusivos para pacientes com Covid-19 chegou a 100% em tr\u00eas munic\u00edpios do interior: Arapiraca, Santana do Ipanema e Porto Calvo. Em Macei\u00f3, a taxa tamb\u00e9m \u00e9 alta, 90% de ocupa\u00e7\u00e3o. Os dados s\u00e3o do \u00faltimo boletim de leitos da Secretaria de Estado da Sa\u00fade (Sesau), atualizado \u00e0s &hellip;<\/p>\n","protected":false},"author":1,"featured_media":16165,"comment_status":"closed","ping_status":"closed","sticky":false,"template":"","format":"standard","meta":{"_jetpack_newsletter_access":"","_jetpack_dont_email_post_to_subs":false,"_jetpack_newsletter_tier_id":0,"_jetpack_memberships_contains_paywalled_content":false,"_jetpack_memberships_contains_paid_content":false,"footnotes":""},"categories":[1],"tags":[],"class_list":["post-16164","post","type-post","status-publish","format-standard","has-post-thumbnail","hentry","category-destaque"],"jetpack_sharing_enabled":true,"jetpack_featured_media_url":"","_links":{"self":[{"href":"https:\/\/www.oparanews.com.br\/index.php\/wp-json\/wp\/v2\/posts\/16164","targetHints":{"allow":["GET"]}}],"collection":[{"href":"https:\/\/www.oparanews.com.br\/index.php\/wp-json\/wp\/v2\/posts"}],"about":[{"href":"https:\/\/www.oparanews.com.br\/index.php\/wp-json\/wp\/v2\/types\/post"}],"author":[{"embeddable":true,"href":"https:\/\/www.oparanews.com.br\/index.php\/wp-json\/wp\/v2\/users\/1"}],"replies":[{"embeddable":true,"href":"https:\/\/www.oparanews.com.br\/index.php\/wp-json\/wp\/v2\/comments?post=16164"}],"version-history":[{"count":0,"href":"https:\/\/www.oparanews.com.br\/index.php\/wp-json\/wp\/v2\/posts\/16164\/revisions"}],"wp:attachment":[{"href":"https:\/\/www.oparanews.com.br\/index.php\/wp-json\/wp\/v2\/media?parent=16164"}],"wp:term":[{"taxonomy":"category","embeddable":true,"href":"https:\/\/www.oparanews.com.br\/index.php\/wp-json\/wp\/v2\/categories?post=16164"},{"taxonomy":"post_tag","embeddable":true,"href":"https:\/\/www.oparanews.com.br\/index.php\/wp-json\/wp\/v2\/tags?post=16164"}],"curies":[{"name":"wp","href":"https:\/\/api.w.org\/{rel}","templated":true}]}}