{"id":16167,"date":"2021-06-01T00:11:47","date_gmt":"2021-06-01T00:11:47","guid":{"rendered":"https:\/\/oparanews.com.br\/?p=16167"},"modified":"2021-06-01T00:11:47","modified_gmt":"2021-06-01T00:11:47","slug":"como-combinar-cores-das-paredes-e-dos-moveis-de-alto-padrao","status":"publish","type":"post","link":"https:\/\/www.oparanews.com.br\/index.php\/2021\/06\/01\/como-combinar-cores-das-paredes-e-dos-moveis-de-alto-padrao\/","title":{"rendered":"Como combinar cores das paredes e dos m\u00f3veis de alto padr\u00e3o?"},"content":{"rendered":"<p>\u00c9 comum que o momento de compor a decora\u00e7\u00e3o da casa demande tempo e paci\u00eancia, especialmente se voc\u00ea planeja combinar as cores e harmonizar o espa\u00e7o. Como n\u00e3o \u00e9 uma tarefa f\u00e1cil, \u00e9 importante considerar alguns aspectos antes de planejar os <u><a href=\"https:\/\/cremme.com.br\/moveis-de-alto-padrao\/\">m\u00f3veis de alto padr\u00e3o<\/a><\/u> do ambiente e as cores das paredes.<\/p>\n<p>As cores t\u00eam o poder de transmitir sensa\u00e7\u00f5es a qualquer indiv\u00edduo \u2014 costumamos associ\u00e1-las a lugares, marcas, pensamentos e diversas outras coisas.<\/p>\n<p>Para nossa casa ou ambiente de trabalho, trabalhamos para que elas criem um local agrad\u00e1vel de conv\u00edvio. Em um mesmo espa\u00e7o, inclu\u00edmos m\u00f3veis, eletrodom\u00e9sticos e itens de decora\u00e7\u00e3o de determinadas cores, enquanto as paredes, tetos e os pisos tamb\u00e9m t\u00eam a pr\u00f3pria cor.<\/p>\n<p>Para garantir que o ambiente desperte as sensa\u00e7\u00f5es certas, a partir de determinada impress\u00e3o crom\u00e1tica, \u00e9 importante trabalhar com uma paleta de cores diferentes para as paredes e m\u00f3veis, de modo que a dar um visual moderno aos c\u00f4modos.<\/p>\n<p>Para te ajudar nessa miss\u00e3o, listamos algumas combina\u00e7\u00f5es incr\u00edveis para voc\u00ea investir em diversos espa\u00e7os da sua rotina, da sala de estar \u00e0 sala comercial. Segue com a gente!<\/p>\n<h3>Tons frios ou tons quentes?<\/h3>\n<p>Uma das maiores d\u00favidas na hora de decorar o ambiente \u00e9 decidir entre tons quentes ou tons frios. A gama de cores predominante em um espa\u00e7o vai definir as sensa\u00e7\u00f5es que ser\u00e3o transmitidas \u2014 ou seja, o c\u00f4modo a ser decorado tem total influ\u00eancia na paleta de cores.<\/p>\n<p>Tons frios, como cinza, azul e verde criam uma atmosfera mais calma e descontra\u00edda, sendo perfeita para espa\u00e7os de relaxamento (como o banheiro, por exemplo). No entanto, cores frias tamb\u00e9m provocam a sensa\u00e7\u00e3o de distanciamento, n\u00e3o sendo aconselh\u00e1vel para determinados espa\u00e7os da casa ou escrit\u00f3rio.<\/p>\n<p>J\u00e1 as cores quentes, como amarelo, marrom e ocre, s\u00e3o respons\u00e1veis por criar espa\u00e7os acolhedores e confort\u00e1veis. S\u00e3o \u00f3timas op\u00e7\u00f5es para salas de estar e quarto. \u00c9 poss\u00edvel a combina\u00e7\u00e3o de tons quentes e frios para criar um contraste no ambiente, ou destacar determinado m\u00f3vel (como um <u><a href=\"https:\/\/cremme.com.br\/sofas-luxo-modernos\/\">sof\u00e1 moderno,<\/a><\/u> por exemplo).<\/p>\n<p>Nesses casos, \u00e9 indicado utilizar uma paleta de cores frias e destacar o elemento escolhido com uma cor fora da paleta base.<\/p>\n<h3>Madeira natural para m\u00f3veis de luxo<\/h3>\n<p>Como dito anteriormente, as cores quentes s\u00e3o \u00f3timas op\u00e7\u00f5es para compor a decora\u00e7\u00e3o de quartos e \u00e1reas de estar, em que o objetivo \u00e9 criar uma atmosfera mais acolhedora.<\/p>\n<p>Nesse sentido, o uso de <u><a href=\"https:\/\/cremme.com.br\/moveis-de-luxo-e-sofisticados\/\">m\u00f3veis de luxo<\/a><\/u> de madeira natural est\u00e1 bastante na moda, garantindo um espa\u00e7o elegante e agrad\u00e1vel \u2014 eles combinam com paredes de cores claras, como branco ou bege.<\/p>\n<p>Uma dica \u00e9 combinar a decora\u00e7\u00e3o com uma ilumina\u00e7\u00e3o de luzes quentes, atrav\u00e9s de lumin\u00e1rias e lustres, para um interior muito mais bonito e aconchegante.<\/p>\n<h3>Na d\u00favida, aposte em m\u00f3veis brancos de alto padr\u00e3o<\/h3>\n<p>A maior vantagem de apostar em m\u00f3veis brancos (como <u><a href=\"https:\/\/cremme.com.br\/mesas-luxo-modernas\/\">mesas de luxo<\/a><\/u>, por exemplo) \u00e9 a possibilidade de combin\u00e1-los com as paredes de qualquer cor. Sejam cores quentes ou frias, \u00e9 poss\u00edvel incorporar qualquer cor sem medo de dar errado.<\/p>\n<p>Est\u00e1 decorando um quarto infantil? Busque harmonizar os m\u00f3veis com tons bege nas paredes, al\u00e9m de um piso de madeira clara. A cor off-white tamb\u00e9m \u00e9 uma \u00f3tima op\u00e7\u00e3o para as paredes, de modo que \u00e9 poss\u00edvel contrastar o ambiente com itens de decora\u00e7\u00e3o de variadas cores.<\/p>\n<p>A chave para um ambiente harmonioso e com charme \u00e9 utilizar a paleta de cores a seu favor e n\u00e3o ter medo de ousar. Aposte em combina\u00e7\u00f5es e se divirta jogando-as em todos os ambientes da casa ou escrit\u00f3rio.<\/p>\n","protected":false},"excerpt":{"rendered":"<p>\u00c9 comum que o momento de compor a decora\u00e7\u00e3o da casa demande tempo e paci\u00eancia, especialmente se voc\u00ea planeja combinar as cores e harmonizar o espa\u00e7o. Como n\u00e3o \u00e9 uma tarefa f\u00e1cil, \u00e9 importante considerar alguns aspectos antes de planejar os m\u00f3veis de alto padr\u00e3o do ambiente e as cores das paredes. As cores t\u00eam &hellip;<\/p>\n","protected":false},"author":1,"featured_media":0,"comment_status":"closed","ping_status":"closed","sticky":false,"template":"","format":"standard","meta":{"_jetpack_newsletter_access":"","_jetpack_dont_email_post_to_subs":false,"_jetpack_newsletter_tier_id":0,"_jetpack_memberships_contains_paywalled_content":false,"_jetpack_memberships_contains_paid_content":false,"footnotes":""},"categories":[1],"tags":[],"class_list":["post-16167","post","type-post","status-publish","format-standard","hentry","category-destaque"],"jetpack_sharing_enabled":true,"jetpack_featured_media_url":"","_links":{"self":[{"href":"https:\/\/www.oparanews.com.br\/index.php\/wp-json\/wp\/v2\/posts\/16167","targetHints":{"allow":["GET"]}}],"collection":[{"href":"https:\/\/www.oparanews.com.br\/index.php\/wp-json\/wp\/v2\/posts"}],"about":[{"href":"https:\/\/www.oparanews.com.br\/index.php\/wp-json\/wp\/v2\/types\/post"}],"author":[{"embeddable":true,"href":"https:\/\/www.oparanews.com.br\/index.php\/wp-json\/wp\/v2\/users\/1"}],"replies":[{"embeddable":true,"href":"https:\/\/www.oparanews.com.br\/index.php\/wp-json\/wp\/v2\/comments?post=16167"}],"version-history":[{"count":0,"href":"https:\/\/www.oparanews.com.br\/index.php\/wp-json\/wp\/v2\/posts\/16167\/revisions"}],"wp:attachment":[{"href":"https:\/\/www.oparanews.com.br\/index.php\/wp-json\/wp\/v2\/media?parent=16167"}],"wp:term":[{"taxonomy":"category","embeddable":true,"href":"https:\/\/www.oparanews.com.br\/index.php\/wp-json\/wp\/v2\/categories?post=16167"},{"taxonomy":"post_tag","embeddable":true,"href":"https:\/\/www.oparanews.com.br\/index.php\/wp-json\/wp\/v2\/tags?post=16167"}],"curies":[{"name":"wp","href":"https:\/\/api.w.org\/{rel}","templated":true}]}}