{"id":16169,"date":"2021-06-01T00:19:37","date_gmt":"2021-06-01T00:19:37","guid":{"rendered":"https:\/\/oparanews.com.br\/?p=16169"},"modified":"2021-06-01T00:19:37","modified_gmt":"2021-06-01T00:19:37","slug":"fiocruz-fara-acordo-para-produzir-ifa-da-vacina-de-oxford","status":"publish","type":"post","link":"https:\/\/www.oparanews.com.br\/index.php\/2021\/06\/01\/fiocruz-fara-acordo-para-produzir-ifa-da-vacina-de-oxford\/","title":{"rendered":"Fiocruz far\u00e1 acordo para produzir IFA da vacina de Oxford"},"content":{"rendered":"<p>A Fiocruz assina nesta ter\u00e7a-feira, 1, o contrato de transfer\u00eancia tecnol\u00f3gica para a produ\u00e7\u00e3o do Ingrediente Farmac\u00eautico Ativo (IFA) da vacina da AstraZeneca no Brasil. Este passo \u00e9 essencial para a autonomia do Pa\u00eds na fabrica\u00e7\u00e3o de vacinas contra a covid-19. Atualmente, o IFA necess\u00e1rio \u00e0 produ\u00e7\u00e3o do imunizante \u00e9 importado da China, o que tem causado atrasos na produ\u00e7\u00e3o.<\/p>\n<p>A assinatura do acordo com a AstraZeneca estava prevista originalmente para acontecer no ano passado, mas sofreu sucessivos atrasos. A \u00faltima previs\u00e3o, feita pelo diretor de Biomanguinhos, Maur\u00edcio Zuma, em mar\u00e7o, previa a assinatura para ocorrer at\u00e9 o fim de abril. Em entrevista ao Valor Econ\u00f4mico, Zuma afirmou que, se passasse desta data, haveria atraso nas entregas prometidas.<\/p>\n<p>At\u00e9 o fechamento desta mat\u00e9ria, a Fiocruz n\u00e3o tinha se manifestado sobre um eventual novo cronograma. O cronograma original previa a produ\u00e7\u00e3o de 110 milh\u00f5es de doses j\u00e1 com IFA nacional at\u00e9 o fim de 2021.<\/p>\n<p>A adapta\u00e7\u00e3o de uma planta em Biomanguinhos especialmente para a produ\u00e7\u00e3o do IFA j\u00e1 tinha sido conclu\u00edda, independentemente da assinatura do contrato.<\/p>\n<p>A presidente da Fiocruz, N\u00edsia Trindade, e o ministro da Sa\u00fade, Marcelo Queiroga, v\u00e3o participar da cerim\u00f4nia de assinatura do contrato, em Bras\u00edlia. De acordo com o site da presid\u00eancia da Rep\u00fablica, o evento acontecer\u00e1 \u00e0s 17h e contar\u00e1 tamb\u00e9m com a presen\u00e7a do presidente Jair Bolsonaro.<\/p>\n<p>&nbsp;<\/p>\n<p><strong>Fonte: Estad\u00e3o<\/strong><\/p>\n<p>&nbsp;<\/p>\n","protected":false},"excerpt":{"rendered":"<p>A Fiocruz assina nesta ter\u00e7a-feira, 1, o contrato de transfer\u00eancia tecnol\u00f3gica para a produ\u00e7\u00e3o do Ingrediente Farmac\u00eautico Ativo (IFA) da vacina da AstraZeneca no Brasil. Este passo \u00e9 essencial para a autonomia do Pa\u00eds na fabrica\u00e7\u00e3o de vacinas contra a covid-19. Atualmente, o IFA necess\u00e1rio \u00e0 produ\u00e7\u00e3o do imunizante \u00e9 importado da China, o que &hellip;<\/p>\n","protected":false},"author":1,"featured_media":16170,"comment_status":"closed","ping_status":"closed","sticky":false,"template":"","format":"standard","meta":{"_jetpack_newsletter_access":"","_jetpack_dont_email_post_to_subs":false,"_jetpack_newsletter_tier_id":0,"_jetpack_memberships_contains_paywalled_content":false,"_jetpack_memberships_contains_paid_content":false,"footnotes":""},"categories":[1],"tags":[],"class_list":["post-16169","post","type-post","status-publish","format-standard","has-post-thumbnail","hentry","category-destaque"],"jetpack_sharing_enabled":true,"jetpack_featured_media_url":"","_links":{"self":[{"href":"https:\/\/www.oparanews.com.br\/index.php\/wp-json\/wp\/v2\/posts\/16169","targetHints":{"allow":["GET"]}}],"collection":[{"href":"https:\/\/www.oparanews.com.br\/index.php\/wp-json\/wp\/v2\/posts"}],"about":[{"href":"https:\/\/www.oparanews.com.br\/index.php\/wp-json\/wp\/v2\/types\/post"}],"author":[{"embeddable":true,"href":"https:\/\/www.oparanews.com.br\/index.php\/wp-json\/wp\/v2\/users\/1"}],"replies":[{"embeddable":true,"href":"https:\/\/www.oparanews.com.br\/index.php\/wp-json\/wp\/v2\/comments?post=16169"}],"version-history":[{"count":0,"href":"https:\/\/www.oparanews.com.br\/index.php\/wp-json\/wp\/v2\/posts\/16169\/revisions"}],"wp:attachment":[{"href":"https:\/\/www.oparanews.com.br\/index.php\/wp-json\/wp\/v2\/media?parent=16169"}],"wp:term":[{"taxonomy":"category","embeddable":true,"href":"https:\/\/www.oparanews.com.br\/index.php\/wp-json\/wp\/v2\/categories?post=16169"},{"taxonomy":"post_tag","embeddable":true,"href":"https:\/\/www.oparanews.com.br\/index.php\/wp-json\/wp\/v2\/tags?post=16169"}],"curies":[{"name":"wp","href":"https:\/\/api.w.org\/{rel}","templated":true}]}}