{"id":16175,"date":"2021-06-01T00:22:42","date_gmt":"2021-06-01T00:22:42","guid":{"rendered":"https:\/\/oparanews.com.br\/?p=16175"},"modified":"2021-06-01T00:22:42","modified_gmt":"2021-06-01T00:22:42","slug":"governo-nao-garante-realizacao-da-copa-america-no-brasil","status":"publish","type":"post","link":"https:\/\/www.oparanews.com.br\/index.php\/2021\/06\/01\/governo-nao-garante-realizacao-da-copa-america-no-brasil\/","title":{"rendered":"Governo n\u00e3o garante realiza\u00e7\u00e3o da Copa Am\u00e9rica no Brasil"},"content":{"rendered":"<p>O ministro da Casa Civil, Luiz Eduardo Ramos, afirmou nesta segunda-feira, 31, que a condi\u00e7\u00e3o estabelecida pelo governo brasileiro para o Brasil sediar a Copa Am\u00e9rica deste ano \u00e9 de os jogos acontecerem sem torcidas e que todos os integrantes das delega\u00e7\u00f5es serem vacinados. Em entrevista no Pal\u00e1cio do Planalto, Ramos n\u00e3o deu como certo que o Pa\u00eds vai receber a competi\u00e7\u00e3o.<\/p>\n<p>&#8220;Caso se realize (a Copa Am\u00e9rica no Brasil), ele n\u00e3o ter\u00e1 p\u00fablico. No momento s\u00e3o dez times. J\u00e1 foi acordado com a CBF em reuni\u00e3o por videoconfer\u00eancia de no m\u00e1ximo 65 pessoas por delega\u00e7\u00e3o. Todos vacinados. Foi a condi\u00e7\u00e3o que n\u00f3s tratamos com a CBF&#8221;, disse o ministro.<\/p>\n<p>Segundo Ramos, a decis\u00e3o final deve ser anunciada nesta ter\u00e7a-feira. &#8220;Ainda n\u00e3o tem nada certo, quero pontuar de forma bem clara. Estamos no meio do processo. Mas n\u00e3o vamos nos furtar a uma demanda, caso seja poss\u00edvel de atender&#8221;, disse.<\/p>\n<p>A Copa Am\u00e9rica seria realizada na Argentina, mas o pa\u00eds abriu m\u00e3o do torneio depois de a Conmebol n\u00e3o aceitar as exig\u00eancias feitas pelas autoridades sanit\u00e1rias, que inclusive eram muito parecidas com as feitas pelo Brasil. Entre as reivindica\u00e7\u00f5es do governo argentino estava a redu\u00e7\u00e3o do n\u00famero de integrantes das delega\u00e7\u00f5es. As dez sele\u00e7\u00f5es participantes do torneio levariam entre 1 mil e 1,2 pessoas ao pa\u00eds. Tamb\u00e9m foi pedido que as delega\u00e7\u00f5es vacinassem seus membros com ao menos uma dose, al\u00e9m da adoa\u00e7\u00e3o de r\u00edgidos protocolos em meio a um aumento de casos de covid-19 no pa\u00eds.<\/p>\n<p>&nbsp;<\/p>\n<p><strong>Fonte: Estad\u00e3o<\/strong><\/p>\n<p>&nbsp;<\/p>\n","protected":false},"excerpt":{"rendered":"<p>O ministro da Casa Civil, Luiz Eduardo Ramos, afirmou nesta segunda-feira, 31, que a condi\u00e7\u00e3o estabelecida pelo governo brasileiro para o Brasil sediar a Copa Am\u00e9rica deste ano \u00e9 de os jogos acontecerem sem torcidas e que todos os integrantes das delega\u00e7\u00f5es serem vacinados. Em entrevista no Pal\u00e1cio do Planalto, Ramos n\u00e3o deu como certo &hellip;<\/p>\n","protected":false},"author":1,"featured_media":16176,"comment_status":"closed","ping_status":"closed","sticky":false,"template":"","format":"standard","meta":{"_jetpack_newsletter_access":"","_jetpack_dont_email_post_to_subs":false,"_jetpack_newsletter_tier_id":0,"_jetpack_memberships_contains_paywalled_content":false,"_jetpack_memberships_contains_paid_content":false,"footnotes":""},"categories":[1],"tags":[],"class_list":["post-16175","post","type-post","status-publish","format-standard","has-post-thumbnail","hentry","category-destaque"],"jetpack_sharing_enabled":true,"jetpack_featured_media_url":"","_links":{"self":[{"href":"https:\/\/www.oparanews.com.br\/index.php\/wp-json\/wp\/v2\/posts\/16175","targetHints":{"allow":["GET"]}}],"collection":[{"href":"https:\/\/www.oparanews.com.br\/index.php\/wp-json\/wp\/v2\/posts"}],"about":[{"href":"https:\/\/www.oparanews.com.br\/index.php\/wp-json\/wp\/v2\/types\/post"}],"author":[{"embeddable":true,"href":"https:\/\/www.oparanews.com.br\/index.php\/wp-json\/wp\/v2\/users\/1"}],"replies":[{"embeddable":true,"href":"https:\/\/www.oparanews.com.br\/index.php\/wp-json\/wp\/v2\/comments?post=16175"}],"version-history":[{"count":0,"href":"https:\/\/www.oparanews.com.br\/index.php\/wp-json\/wp\/v2\/posts\/16175\/revisions"}],"wp:attachment":[{"href":"https:\/\/www.oparanews.com.br\/index.php\/wp-json\/wp\/v2\/media?parent=16175"}],"wp:term":[{"taxonomy":"category","embeddable":true,"href":"https:\/\/www.oparanews.com.br\/index.php\/wp-json\/wp\/v2\/categories?post=16175"},{"taxonomy":"post_tag","embeddable":true,"href":"https:\/\/www.oparanews.com.br\/index.php\/wp-json\/wp\/v2\/tags?post=16175"}],"curies":[{"name":"wp","href":"https:\/\/api.w.org\/{rel}","templated":true}]}}