{"id":16178,"date":"2021-06-01T00:27:25","date_gmt":"2021-06-01T00:27:25","guid":{"rendered":"https:\/\/oparanews.com.br\/?p=16178"},"modified":"2021-06-01T00:27:25","modified_gmt":"2021-06-01T00:27:25","slug":"brasil-tem-mais-860-mortes-e-30-mil-casos-de-covid-em-24h","status":"publish","type":"post","link":"https:\/\/www.oparanews.com.br\/index.php\/2021\/06\/01\/brasil-tem-mais-860-mortes-e-30-mil-casos-de-covid-em-24h\/","title":{"rendered":"Brasil tem mais 860 mortes e 30 mil casos de covid em 24h"},"content":{"rendered":"<p>O Brasil registrou mais 860 mortes e 30.434 novos casos de covid-19 nas \u00faltimas 24 horas, informou o Conselho Nacional de Secret\u00e1rios de Sa\u00fade (Conass) nesta segunda-feira (31). Com isso, o pa\u00eds soma 462.791 v\u00edtimas e 16.545.554 contaminados na pandemia.<\/p>\n<p>Os n\u00fameros de domingos e segundas-feiras s\u00e3o sempre menores por conta da baixa notifica\u00e7\u00e3o das secretarias estaduais. Por\u00e9m, as m\u00e9dias m\u00f3veis continuam em patamares alt\u00edssimos e chegaram a 60.685 cont\u00e1gios e 1.848 \u00f3bitos por dia.<\/p>\n<p>J\u00e1 a taxa de letalidade se mant\u00e9m em 2,8%, enquanto que o estado do Rio de Janeiro \u00e9 o que apresenta o maior \u00edndice da doen\u00e7a no Brasil, com 5,8%, mais do que o dobro da m\u00e9dia nacional. Na sequ\u00eancia aparecem Pernambuco (3,3%), Amazonas (3,4%) e S\u00e3o Paulo (3,4%). Os dados por estado continuam mantendo S\u00e3o Paulo como o que mais acumula contamina\u00e7\u00f5es e v\u00edtimas em n\u00fameros absolutos, sendo 3.272.043 e 111.374, respectivamente.<\/p>\n<p>Entre os estados mais afetados pela emerg\u00eancia sanit\u00e1ria em todo o Brasil tamb\u00e9m est\u00e3o Minas Gerais, Paran\u00e1, Rio Grande do Sul, Bahia, Santa Catarina e Rio de Janeiro.<\/p>\n<p>Em rela\u00e7\u00e3o \u00e0 campanha de vacina\u00e7\u00e3o, at\u00e9 o momento, segundo o portal covid-19 no Brasil https:\/\/coronavirusbra1.github.io\/, o pa\u00eds j\u00e1 aplicou 68.322.249 doses de vacinas, sendo que 22.284.961 pessoas j\u00e1 completaram o ciclo de imuniza\u00e7\u00e3o, o que representa 10,52% da popula\u00e7\u00e3o, e 46.037.288 tomaram apenas uma dose.<\/p>\n<p>Hoje, os ministros da Sa\u00fade, Marcelo Queiroga, e da Economia, Paulo Guedes, disseram que o Brasil ter\u00e1 toda sua popula\u00e7\u00e3o vacinada at\u00e9 o final do ano. A fala foi feita por Queiroga e confirmada por Guedes em videoconfer\u00eancia, durante o F\u00f3rum de Investimentos Brasil 2021 &#8211; evento organizado pela Apex-Brasil, pelo Banco Interamericano de Desenvolvimento e pelo governo federal, voltado a investidores estrangeiros.<\/p>\n<p>&#8220;Como disse o ministro Queiroga, a vacina\u00e7\u00e3o em massa \u00e9 a principal pol\u00edtica econ\u00f4mica que podemos fazer por agora&#8221;, disse Guedes ao reafirmar a inten\u00e7\u00e3o do governo em garantir o retorno seguro dos trabalhadores brasileiros ao ambiente de trabalho.<\/p>\n<p>&#8220;N\u00e3o faltar\u00e3o recursos para [a importa\u00e7\u00e3o e a produ\u00e7\u00e3o de vacinas&#8221;, garantiu o ministro da Economia.<\/p>\n<p>Momentos antes, Queiroga disse ter &#8220;certeza de que at\u00e9 o fim do ano vamos conseguir imunizar todos os cidad\u00e3os&#8221;, e apontou como prioridade de sua pasta dar celeridade \u00e0 campanha de vacina\u00e7\u00e3o e o refor\u00e7o de medidas sanit\u00e1rias.<\/p>\n<p>&nbsp;<\/p>\n<p><strong>Fonte: Terra<\/strong><\/p>\n<p>&nbsp;<\/p>\n","protected":false},"excerpt":{"rendered":"<p>O Brasil registrou mais 860 mortes e 30.434 novos casos de covid-19 nas \u00faltimas 24 horas, informou o Conselho Nacional de Secret\u00e1rios de Sa\u00fade (Conass) nesta segunda-feira (31). Com isso, o pa\u00eds soma 462.791 v\u00edtimas e 16.545.554 contaminados na pandemia. Os n\u00fameros de domingos e segundas-feiras s\u00e3o sempre menores por conta da baixa notifica\u00e7\u00e3o das &hellip;<\/p>\n","protected":false},"author":1,"featured_media":16179,"comment_status":"closed","ping_status":"closed","sticky":false,"template":"","format":"standard","meta":{"_jetpack_newsletter_access":"","_jetpack_dont_email_post_to_subs":false,"_jetpack_newsletter_tier_id":0,"_jetpack_memberships_contains_paywalled_content":false,"_jetpack_memberships_contains_paid_content":false,"footnotes":""},"categories":[1],"tags":[],"class_list":["post-16178","post","type-post","status-publish","format-standard","has-post-thumbnail","hentry","category-destaque"],"jetpack_sharing_enabled":true,"jetpack_featured_media_url":"","_links":{"self":[{"href":"https:\/\/www.oparanews.com.br\/index.php\/wp-json\/wp\/v2\/posts\/16178","targetHints":{"allow":["GET"]}}],"collection":[{"href":"https:\/\/www.oparanews.com.br\/index.php\/wp-json\/wp\/v2\/posts"}],"about":[{"href":"https:\/\/www.oparanews.com.br\/index.php\/wp-json\/wp\/v2\/types\/post"}],"author":[{"embeddable":true,"href":"https:\/\/www.oparanews.com.br\/index.php\/wp-json\/wp\/v2\/users\/1"}],"replies":[{"embeddable":true,"href":"https:\/\/www.oparanews.com.br\/index.php\/wp-json\/wp\/v2\/comments?post=16178"}],"version-history":[{"count":0,"href":"https:\/\/www.oparanews.com.br\/index.php\/wp-json\/wp\/v2\/posts\/16178\/revisions"}],"wp:attachment":[{"href":"https:\/\/www.oparanews.com.br\/index.php\/wp-json\/wp\/v2\/media?parent=16178"}],"wp:term":[{"taxonomy":"category","embeddable":true,"href":"https:\/\/www.oparanews.com.br\/index.php\/wp-json\/wp\/v2\/categories?post=16178"},{"taxonomy":"post_tag","embeddable":true,"href":"https:\/\/www.oparanews.com.br\/index.php\/wp-json\/wp\/v2\/tags?post=16178"}],"curies":[{"name":"wp","href":"https:\/\/api.w.org\/{rel}","templated":true}]}}