{"id":16181,"date":"2021-06-01T00:38:09","date_gmt":"2021-06-01T00:38:09","guid":{"rendered":"https:\/\/oparanews.com.br\/?p=16181"},"modified":"2021-06-01T00:38:09","modified_gmt":"2021-06-01T00:38:09","slug":"ufal-abre-editais-com-mais-de-3-mil-vagas-para-semestre-letivo-de-2021-1","status":"publish","type":"post","link":"https:\/\/www.oparanews.com.br\/index.php\/2021\/06\/01\/ufal-abre-editais-com-mais-de-3-mil-vagas-para-semestre-letivo-de-2021-1\/","title":{"rendered":"Ufal abre editais com mais de 3 mil vagas para semestre letivo de 2021.1"},"content":{"rendered":"<p>A Universidade Federal de Alagoas (UFAL) divulgou, nesta segunda-feira (31), cinco processos seletivos para o preenchimento de 3.310 vagas ociosas. Podem se inscrever alunos da institui\u00e7\u00e3o e tamb\u00e9m os que se afastaram de algum curso por menos de dez anos, de outras universidades ou quem j\u00e1 concluiu curso superior.<\/p>\n<p>As vagas foram distribu\u00eddas para os campi de Macei\u00f3 \u2013 A. C. Sim\u00f5es, Arapiraca, Ceca, e campus do Sert\u00e3o. Os selecionados devem ocupar as vagas ociosas para o semestre letivo de 2021.1. As inscri\u00e7\u00f5es est\u00e3o aberta se podem ser feitas <a href=\"http:\/\/www.copeve.ufal.br\/\"><strong>site da Copeve<\/strong><\/a>.<\/p>\n<p>Os editais s\u00e3o para reingresso, reintegra\u00e7\u00e3o, transfer\u00eancia externa e portadores de diplomas ou segunda licenciatura. Cada processo seletivo segue um calend\u00e1rio pr\u00f3prio.<\/p>\n<p>Ap\u00f3s a inscri\u00e7\u00e3o, a candidatura passa por uma homologa\u00e7\u00e3o e os candidatos t\u00eam um per\u00edodo para o envio da documenta\u00e7\u00e3o solicitada.<\/p>\n<p>Confira a quantidade de vagas e o per\u00edodo de inscri\u00e7\u00e3o:<\/p>\n<ul>\n<li>Reingresso \u2013 135 vagas \u2013 inscri\u00e7\u00f5es de 31 de maio a 22 de junho<\/li>\n<li>Reop\u00e7\u00e3o e mudan\u00e7a de turno \u2013 1.460 vagas \u2013 inscri\u00e7\u00f5es de 1\u00b0 a 21 de junho<\/li>\n<li>Transfer\u00eancia Externa \u2013 656 vagas \u2013 inscri\u00e7\u00f5es de 31 de maio a 22 de julho<\/li>\n<li>Reintegra\u00e7\u00e3o \u2013 959 vagas \u2013 inscri\u00e7\u00f5es de 2 de junho a 4 de julho<\/li>\n<li>Portador de diploma e segunda licenciatura \u2013 100 vagas \u2013 inscri\u00e7\u00f5es de 2 a 28 de junho<\/li>\n<\/ul>\n<p>&nbsp;<\/p>\n<p><strong>Fonte: G1\/AL<\/strong><\/p>\n<p>&nbsp;<\/p>\n","protected":false},"excerpt":{"rendered":"<p>A Universidade Federal de Alagoas (UFAL) divulgou, nesta segunda-feira (31), cinco processos seletivos para o preenchimento de 3.310 vagas ociosas. Podem se inscrever alunos da institui\u00e7\u00e3o e tamb\u00e9m os que se afastaram de algum curso por menos de dez anos, de outras universidades ou quem j\u00e1 concluiu curso superior. As vagas foram distribu\u00eddas para os &hellip;<\/p>\n","protected":false},"author":1,"featured_media":16182,"comment_status":"closed","ping_status":"closed","sticky":false,"template":"","format":"standard","meta":{"_jetpack_newsletter_access":"","_jetpack_dont_email_post_to_subs":false,"_jetpack_newsletter_tier_id":0,"_jetpack_memberships_contains_paywalled_content":false,"_jetpack_memberships_contains_paid_content":false,"footnotes":""},"categories":[1],"tags":[],"class_list":["post-16181","post","type-post","status-publish","format-standard","has-post-thumbnail","hentry","category-destaque"],"jetpack_sharing_enabled":true,"jetpack_featured_media_url":"","_links":{"self":[{"href":"https:\/\/www.oparanews.com.br\/index.php\/wp-json\/wp\/v2\/posts\/16181","targetHints":{"allow":["GET"]}}],"collection":[{"href":"https:\/\/www.oparanews.com.br\/index.php\/wp-json\/wp\/v2\/posts"}],"about":[{"href":"https:\/\/www.oparanews.com.br\/index.php\/wp-json\/wp\/v2\/types\/post"}],"author":[{"embeddable":true,"href":"https:\/\/www.oparanews.com.br\/index.php\/wp-json\/wp\/v2\/users\/1"}],"replies":[{"embeddable":true,"href":"https:\/\/www.oparanews.com.br\/index.php\/wp-json\/wp\/v2\/comments?post=16181"}],"version-history":[{"count":0,"href":"https:\/\/www.oparanews.com.br\/index.php\/wp-json\/wp\/v2\/posts\/16181\/revisions"}],"wp:attachment":[{"href":"https:\/\/www.oparanews.com.br\/index.php\/wp-json\/wp\/v2\/media?parent=16181"}],"wp:term":[{"taxonomy":"category","embeddable":true,"href":"https:\/\/www.oparanews.com.br\/index.php\/wp-json\/wp\/v2\/categories?post=16181"},{"taxonomy":"post_tag","embeddable":true,"href":"https:\/\/www.oparanews.com.br\/index.php\/wp-json\/wp\/v2\/tags?post=16181"}],"curies":[{"name":"wp","href":"https:\/\/api.w.org\/{rel}","templated":true}]}}