{"id":16187,"date":"2021-06-01T13:58:58","date_gmt":"2021-06-01T13:58:58","guid":{"rendered":"https:\/\/oparanews.com.br\/?p=16187"},"modified":"2021-06-01T13:58:58","modified_gmt":"2021-06-01T13:58:58","slug":"a-12-dias-da-copa-america-que-ainda-nao-esta-decidida-se-vai-ser-aqui-no-brasil-conmebol-vacinou-seis-selecoes-e-arbitros","status":"publish","type":"post","link":"https:\/\/www.oparanews.com.br\/index.php\/2021\/06\/01\/a-12-dias-da-copa-america-que-ainda-nao-esta-decidida-se-vai-ser-aqui-no-brasil-conmebol-vacinou-seis-selecoes-e-arbitros\/","title":{"rendered":"A 12 DIAS DA COPA AM\u00c9RICA QUE AINDA N\u00c3O EST\u00c1 DECIDIDA SE VAI SER AQUI NO BRASIL&#8230;CONMEBOL VACINOU SEIS SELE\u00c7\u00d5ES E \u00c1RBITROS"},"content":{"rendered":"<p>Seis sele\u00e7\u00f5es participantes da Copa Am\u00e9rica j\u00e1 receberam, ao menos, uma dose da vacina. A sele\u00e7\u00e3o brasileira de Tite espera definir nesta ter\u00e7a-feira a log\u00edstica para vacinar os jogadores que devem disputar a competi\u00e7\u00e3o &#8211; ainda cercada de interroga\u00e7\u00f5es, sem sedes confirmadas.<\/p>\n<p>A vacina\u00e7\u00e3o de todas delega\u00e7\u00f5es foi um compromisso da CBF, expresso em nota da Casa Civil da presid\u00eancia da Rep\u00fablica: &#8220;ser\u00e3o 10 delega\u00e7\u00f5es de, no m\u00e1ximo, 65 pessoas cada. Os jogos ocorrer\u00e3o sem p\u00fablico, com todos os integrantes das delega\u00e7\u00f5es vacinados contra a Covid-19&#8221;, diz um trecho do comunicado do Governo Federal.<\/p>\n<p>Al\u00e9m da sele\u00e7\u00e3o brasileira, os peruanos, argentinos e colombianos ainda n\u00e3o tomaram vacina.<\/p>\n<p>At\u00e9 o fim dessa segunda-feira, receberam ao menos uma dose as sele\u00e7\u00f5es do Paraguai, Chile, Venezuela, Uruguai, Equador e Bol\u00edvia. O local de aplica\u00e7\u00e3o das vacinas variou conforme a possibilidade das sele\u00e7\u00f5es poderem receber doses em seu pa\u00eds. A sele\u00e7\u00e3o boliviana, por exemplo, recebeu a primeira dose no \u00faltimo s\u00e1bado, no centro de treinamento de Santa Cruz de la Sierra.<\/p>\n<p>A Conmebol, que recebeu as vacinas como doa\u00e7\u00e3o do laborat\u00f3rio Sinovac &#8211; em troca de ser patrocinadora oficial do evento -, tamb\u00e9m vacinou toda a equipe de arbitragem prevista para atuar na competi\u00e7\u00e3o. Os \u00e1rbitros e assistentes est\u00e3o em treinamento em Assun\u00e7\u00e3o at\u00e9 esta ter\u00e7a-feira.<\/p>\n<p><strong>Esquema especial<\/strong><\/p>\n<p>Do lado da CBF, a sele\u00e7\u00e3o brasileira de Tite se preocupa com a data de vacina\u00e7\u00e3o e o cronograma de treinos. Alguns jogadores j\u00e1 se vacinaram, casos de Marquinhos, Neymar e Lucas Paquet\u00e1, que atuam no futebol franc\u00eas. O t\u00e9cnico Tite recebeu a segunda dose no \u00faltimo dia 14. O auxiliar Cleber Xavier, o preparador f\u00edsico Fabio Mahseradjian tamb\u00e9m receberam ao menos uma dose.<\/p>\n<p>Existe expectativa de defini\u00e7\u00e3o da vacina\u00e7\u00e3o de toda a delega\u00e7\u00e3o da sele\u00e7\u00e3o brasileira &#8211; que pode chegar a 28 jogadores para a Copa Am\u00e9rica, mais todo o estafe &#8211; nesta ter\u00e7a-feira. Por ora, n\u00e3o h\u00e1 sinal de que a Sele\u00e7\u00e3o n\u00e3o vai se vacinar. S\u00f3 se discute como fazer. \u00c9 prov\u00e1vel que o esquema montado seja depois da partida contra o Paraguai, no dia 8 de junho. Os jogadores v\u00e3o receber folga no dia 9.<\/p>\n<p>A Conmebol prepara esquema especial para vacinar as sele\u00e7\u00f5es que ainda n\u00e3o receberam as suas doses. Em casos de veto de entrada de vacina, caso do Brasil, em que a Anvisa n\u00e3o permite a entrada de doses privadas, a confedera\u00e7\u00e3o sul-americana espera resolver a log\u00edstica nos pr\u00f3ximos dias.<\/p>\n","protected":false},"excerpt":{"rendered":"<p>Seis sele\u00e7\u00f5es participantes da Copa Am\u00e9rica j\u00e1 receberam, ao menos, uma dose da vacina. A sele\u00e7\u00e3o brasileira de Tite espera definir nesta ter\u00e7a-feira a log\u00edstica para vacinar os jogadores que devem disputar a competi\u00e7\u00e3o &#8211; ainda cercada de interroga\u00e7\u00f5es, sem sedes confirmadas. A vacina\u00e7\u00e3o de todas delega\u00e7\u00f5es foi um compromisso da CBF, expresso em nota &hellip;<\/p>\n","protected":false},"author":1,"featured_media":2628,"comment_status":"closed","ping_status":"closed","sticky":false,"template":"","format":"standard","meta":{"_jetpack_newsletter_access":"","_jetpack_dont_email_post_to_subs":false,"_jetpack_newsletter_tier_id":0,"_jetpack_memberships_contains_paywalled_content":false,"_jetpack_memberships_contains_paid_content":false,"footnotes":""},"categories":[1],"tags":[],"class_list":["post-16187","post","type-post","status-publish","format-standard","has-post-thumbnail","hentry","category-destaque"],"jetpack_sharing_enabled":true,"jetpack_featured_media_url":"","_links":{"self":[{"href":"https:\/\/www.oparanews.com.br\/index.php\/wp-json\/wp\/v2\/posts\/16187","targetHints":{"allow":["GET"]}}],"collection":[{"href":"https:\/\/www.oparanews.com.br\/index.php\/wp-json\/wp\/v2\/posts"}],"about":[{"href":"https:\/\/www.oparanews.com.br\/index.php\/wp-json\/wp\/v2\/types\/post"}],"author":[{"embeddable":true,"href":"https:\/\/www.oparanews.com.br\/index.php\/wp-json\/wp\/v2\/users\/1"}],"replies":[{"embeddable":true,"href":"https:\/\/www.oparanews.com.br\/index.php\/wp-json\/wp\/v2\/comments?post=16187"}],"version-history":[{"count":0,"href":"https:\/\/www.oparanews.com.br\/index.php\/wp-json\/wp\/v2\/posts\/16187\/revisions"}],"wp:attachment":[{"href":"https:\/\/www.oparanews.com.br\/index.php\/wp-json\/wp\/v2\/media?parent=16187"}],"wp:term":[{"taxonomy":"category","embeddable":true,"href":"https:\/\/www.oparanews.com.br\/index.php\/wp-json\/wp\/v2\/categories?post=16187"},{"taxonomy":"post_tag","embeddable":true,"href":"https:\/\/www.oparanews.com.br\/index.php\/wp-json\/wp\/v2\/tags?post=16187"}],"curies":[{"name":"wp","href":"https:\/\/api.w.org\/{rel}","templated":true}]}}