{"id":16192,"date":"2021-06-01T15:06:55","date_gmt":"2021-06-01T15:06:55","guid":{"rendered":"https:\/\/oparanews.com.br\/?p=16192"},"modified":"2021-06-01T15:06:55","modified_gmt":"2021-06-01T15:06:55","slug":"semada-penedo-divulga-cronograma-da-feira-da-agricultura-familiar-para-o-mes-de-junho","status":"publish","type":"post","link":"https:\/\/www.oparanews.com.br\/index.php\/2021\/06\/01\/semada-penedo-divulga-cronograma-da-feira-da-agricultura-familiar-para-o-mes-de-junho\/","title":{"rendered":"SEMADA Penedo divulga cronograma da Feira da Agricultura Familiar para o m\u00eas de junho"},"content":{"rendered":"<p>A Feira da Agricultura familiar j\u00e1 se tornou uma realidade de sucesso no munic\u00edpio de Penedo, por isso a gest\u00e3o Crescendo Com Seu Povo segue desenvolvendo esse relevante servi\u00e7o a popula\u00e7\u00e3o.<\/p>\n<p>Esse \u00e9 um trabalho da Secretaria Municipal de Abastecimento e Desenvolvimento Agr\u00e1rio (SEMADA), que proporciona aos consumidores penedenses alimentos sem agrot\u00f3xico, al\u00e9m de garantir a gera\u00e7\u00e3o de emprego e renda no munic\u00edpio.<\/p>\n<p>Dessa forma, a SEMADA Penedo divulga as datas, locais e hor\u00e1rios da Feira da Agricultura Familiar referentes ao m\u00eas de junho.<\/p>\n<p>Ns dias 09 e 23 de junho, a a\u00e7\u00e3o ocorre na Pra\u00e7a Ces\u00e1rio Proc\u00f3pio, extens\u00e3o da rua Santa C\u00e2ndida, Conjunto Jos\u00e9 Morais Lopes, antiga COHAB.<\/p>\n<p>J\u00e1 nos dias 2, 16 e 30, a Feira da Agricultura Familiar ser\u00e1 realizada na Pra\u00e7a de Santa Luzia, popularmente conhecida por pra\u00e7a do \u2018Barro Duro\u2019.<\/p>\n<p><strong>Orienta\u00e7\u00e3o T\u00e9cnica<\/strong><\/p>\n<p>A equipe t\u00e9cnica da Secretaria de Abastecimento e Desenvolvimento Agr\u00e1rio orienta os agricultores penedenses sobre a formaliza\u00e7\u00e3o de neg\u00f3cios e tamb\u00e9m sobre a forma correta de realizar o plantio de frutas, legumes e verduras.<\/p>\n<p>Com isso, os produtores se tornaram fornecedores e comerciantes, ganhando em produtividade e lucro.<\/p>\n<p>Essa a\u00e7\u00e3o mudou a realidade do homem do campo penedense, que anteriormente vendiam sua produ\u00e7\u00e3o para os denominados \u2018atravessadores\u2019, pessoas oriundas de outros munic\u00edpios que buscavam adquirir a produ\u00e7\u00e3o a pre\u00e7o abaixo do valor de mercado.<\/p>\n<p>&nbsp;<\/p>\n<p><strong>por Thiago Sobral &#8211; Decom PMP<\/strong><\/p>\n<p>&nbsp;<\/p>\n","protected":false},"excerpt":{"rendered":"<p>A Feira da Agricultura familiar j\u00e1 se tornou uma realidade de sucesso no munic\u00edpio de Penedo, por isso a gest\u00e3o Crescendo Com Seu Povo segue desenvolvendo esse relevante servi\u00e7o a popula\u00e7\u00e3o. Esse \u00e9 um trabalho da Secretaria Municipal de Abastecimento e Desenvolvimento Agr\u00e1rio (SEMADA), que proporciona aos consumidores penedenses alimentos sem agrot\u00f3xico, al\u00e9m de garantir &hellip;<\/p>\n","protected":false},"author":1,"featured_media":16193,"comment_status":"closed","ping_status":"closed","sticky":false,"template":"","format":"standard","meta":{"_jetpack_newsletter_access":"","_jetpack_dont_email_post_to_subs":false,"_jetpack_newsletter_tier_id":0,"_jetpack_memberships_contains_paywalled_content":false,"_jetpack_memberships_contains_paid_content":false,"footnotes":""},"categories":[1],"tags":[],"class_list":["post-16192","post","type-post","status-publish","format-standard","has-post-thumbnail","hentry","category-destaque"],"jetpack_sharing_enabled":true,"jetpack_featured_media_url":"","_links":{"self":[{"href":"https:\/\/www.oparanews.com.br\/index.php\/wp-json\/wp\/v2\/posts\/16192","targetHints":{"allow":["GET"]}}],"collection":[{"href":"https:\/\/www.oparanews.com.br\/index.php\/wp-json\/wp\/v2\/posts"}],"about":[{"href":"https:\/\/www.oparanews.com.br\/index.php\/wp-json\/wp\/v2\/types\/post"}],"author":[{"embeddable":true,"href":"https:\/\/www.oparanews.com.br\/index.php\/wp-json\/wp\/v2\/users\/1"}],"replies":[{"embeddable":true,"href":"https:\/\/www.oparanews.com.br\/index.php\/wp-json\/wp\/v2\/comments?post=16192"}],"version-history":[{"count":0,"href":"https:\/\/www.oparanews.com.br\/index.php\/wp-json\/wp\/v2\/posts\/16192\/revisions"}],"wp:attachment":[{"href":"https:\/\/www.oparanews.com.br\/index.php\/wp-json\/wp\/v2\/media?parent=16192"}],"wp:term":[{"taxonomy":"category","embeddable":true,"href":"https:\/\/www.oparanews.com.br\/index.php\/wp-json\/wp\/v2\/categories?post=16192"},{"taxonomy":"post_tag","embeddable":true,"href":"https:\/\/www.oparanews.com.br\/index.php\/wp-json\/wp\/v2\/tags?post=16192"}],"curies":[{"name":"wp","href":"https:\/\/api.w.org\/{rel}","templated":true}]}}