{"id":16195,"date":"2021-06-02T00:26:02","date_gmt":"2021-06-02T00:26:02","guid":{"rendered":"https:\/\/oparanews.com.br\/?p=16195"},"modified":"2021-06-02T00:26:02","modified_gmt":"2021-06-02T00:26:02","slug":"mais-de-100-vagas-de-emprego-estao-disponiveis-no-sine-maceio","status":"publish","type":"post","link":"https:\/\/www.oparanews.com.br\/index.php\/2021\/06\/02\/mais-de-100-vagas-de-emprego-estao-disponiveis-no-sine-maceio\/","title":{"rendered":"Mais de 100 vagas de emprego est\u00e3o dispon\u00edveis no Sine Macei\u00f3"},"content":{"rendered":"<p>O Sine Macei\u00f3 abriu, nesta ter\u00e7a-feira (1), 104 vagas de emprego para diversas \u00e1reas (veja a lista ao final do texto). Oito dessas vagas s\u00e3o para Pessoa com Defici\u00eancia (PcD).<\/p>\n<p>O interessado tem que ter experi\u00eancias e ser capacitado para determinada \u00e1rea dispon\u00edvel, e deve entregar o curr\u00edculo por meio do e-mail sine@semtabes.maceio.al.gov.br.<\/p>\n<p>Al\u00e9m disso, ele tamb\u00e9m pode realizar o agendamento pr\u00e9vio das 12h \u00e0s 13h30 para atendimento presencial, atrav\u00e9s do n\u00famero 0800 082 6205. O atendimento \u00e9 realizado na unidade do Sine Macei\u00f3, no Shopping Popular, localizado no Centro da capital.<\/p>\n<p>Segundo a prefeitura, se o interessado for entregar o curr\u00edculo de forma presencial, \u00e9 necess\u00e1rio que ele use m\u00e1scara e respeite as medidas de distanciamento.<\/p>\n<p>Confira abaixo as \u00e1reas e a quantidade de vagas<\/p>\n<p>Adesivador \u2013 1 vaga \u2013 ensino fundamental completo, experi\u00eancia na fun\u00e7\u00e3o<br \/>\nAgente de pesquisa \u2013 12 vagas \u2013 ensino m\u00e9dio completo, experi\u00eancia na fun\u00e7\u00e3o<br \/>\nAuxiliar t\u00e9cnico de refrigera\u00e7\u00e3o \u2013 1 vaga &#8211; ensino m\u00e9dio completo, experi\u00eancia na fun\u00e7\u00e3o<br \/>\nAnalista fiscal &#8211; 1 vaga \u2013 superior em ci\u00eancias cont\u00e1beis, experi\u00eancia na fun\u00e7\u00e3o<br \/>\nControlador de pragas \u2013 6 vagas \u2013 ensino fundamental completo, experi\u00eancia na fun\u00e7\u00e3o<br \/>\nCortador de tecidos &#8211; 1 vaga \u2013 ensino m\u00e9dio completo, experi\u00eancia na fun\u00e7\u00e3o, possuir CNH &#8216;B&#8217;<br \/>\nDesentupidor &#8211; 1 vaga \u2013 ensino fundamental completo<br \/>\nEmpacotador (PcD) \u2013 5 vagas \u2013 ensino m\u00e9dio completo, experi\u00eancia na fun\u00e7\u00e3o<br \/>\nOperador de extrusora &#8211; 2 vagas \u2013 ensino m\u00e9dio completo, experi\u00eancia na fun\u00e7\u00e3o<br \/>\nRepositor (PcD) &#8211; 3 vagas \u2013 ensino fundamental completo<br \/>\nSerralheiro &#8211; 1 vaga \u2013 ensino fundamental completo, experi\u00eancia na fun\u00e7\u00e3o<br \/>\nTorneiro mec\u00e2nico &#8211; 1 vaga \u2013 ensino m\u00e9dio completo, experi\u00eancia na fun\u00e7\u00e3o, ensino t\u00e9cnico completo em pl\u00e1sticos e mec\u00e2nica<br \/>\nVendedor externo &#8211; 5 vagas \u2013 ensino m\u00e9dio completo, experi\u00eancia na fun\u00e7\u00e3o<br \/>\nVendedor interno &#8211; 1 vaga \u2013 ensino m\u00e9dio completo, experi\u00eancia na fun\u00e7\u00e3o, necess\u00e1rio experi\u00eancia em produtos de linha branca e refrigera\u00e7\u00e3o<br \/>\nCarpinteiro &#8211; 20 vagas \u2013 ensino fundamental completo, experi\u00eancia na fun\u00e7\u00e3o comprovada em CTPS<br \/>\nAjudante de carpinteiro &#8211; 10 vagas \u2013 ensino fundamental completo, experi\u00eancia na fun\u00e7\u00e3o comprovada em CTPS<br \/>\nAjudante de soldador &#8211; 2 vagas &#8211; ensino fundamental completo, experi\u00eancia na fun\u00e7\u00e3o comprovada em CTPS<br \/>\nPedreiros especialistas em alvenaria estrutural de blocos de concreto &#8211; 20 vagas &#8211; ensino fundamental completo, experi\u00eancia na fun\u00e7\u00e3o comprovada em CTPS<br \/>\nMestre de obras &#8211; 1 vaga \u2013 ensino fundamental completo, experi\u00eancia na fun\u00e7\u00e3o comprovada em CTPS<br \/>\nLavador de roupas &#8211; 1 vaga &#8211; ensino fundamental completo, experi\u00eancia na fun\u00e7\u00e3o<br \/>\nVendedor(a) de empr\u00e9stimo consignado &#8211; 2 vagas &#8211; ensino m\u00e9dio completo, experi\u00eancia na fun\u00e7\u00e3o<br \/>\nOperador de empilhadeira &#8211; 1 vaga &#8211; ensino m\u00e9dio incompleto, experi\u00eancia na fun\u00e7\u00e3o e CNH<br \/>\nOperador de mantenedor &#8211; 2 vagas &#8211; ensino m\u00e9dio completo, experi\u00eancia na fun\u00e7\u00e3o, ensino t\u00e9cnico completo em Mec\u00e2nico el\u00e9trico ou eletroeletr\u00f4nica<\/p>\n<p>&nbsp;<\/p>\n<p><strong>Fonte: G1\/AL<\/strong><\/p>\n<p>&nbsp;<\/p>\n","protected":false},"excerpt":{"rendered":"<p>O Sine Macei\u00f3 abriu, nesta ter\u00e7a-feira (1), 104 vagas de emprego para diversas \u00e1reas (veja a lista ao final do texto). Oito dessas vagas s\u00e3o para Pessoa com Defici\u00eancia (PcD). O interessado tem que ter experi\u00eancias e ser capacitado para determinada \u00e1rea dispon\u00edvel, e deve entregar o curr\u00edculo por meio do e-mail sine@semtabes.maceio.al.gov.br. Al\u00e9m disso, &hellip;<\/p>\n","protected":false},"author":1,"featured_media":16196,"comment_status":"closed","ping_status":"closed","sticky":false,"template":"","format":"standard","meta":{"_jetpack_newsletter_access":"","_jetpack_dont_email_post_to_subs":false,"_jetpack_newsletter_tier_id":0,"_jetpack_memberships_contains_paywalled_content":false,"_jetpack_memberships_contains_paid_content":false,"footnotes":""},"categories":[1],"tags":[],"class_list":["post-16195","post","type-post","status-publish","format-standard","has-post-thumbnail","hentry","category-destaque"],"jetpack_sharing_enabled":true,"jetpack_featured_media_url":"","_links":{"self":[{"href":"https:\/\/www.oparanews.com.br\/index.php\/wp-json\/wp\/v2\/posts\/16195","targetHints":{"allow":["GET"]}}],"collection":[{"href":"https:\/\/www.oparanews.com.br\/index.php\/wp-json\/wp\/v2\/posts"}],"about":[{"href":"https:\/\/www.oparanews.com.br\/index.php\/wp-json\/wp\/v2\/types\/post"}],"author":[{"embeddable":true,"href":"https:\/\/www.oparanews.com.br\/index.php\/wp-json\/wp\/v2\/users\/1"}],"replies":[{"embeddable":true,"href":"https:\/\/www.oparanews.com.br\/index.php\/wp-json\/wp\/v2\/comments?post=16195"}],"version-history":[{"count":0,"href":"https:\/\/www.oparanews.com.br\/index.php\/wp-json\/wp\/v2\/posts\/16195\/revisions"}],"wp:attachment":[{"href":"https:\/\/www.oparanews.com.br\/index.php\/wp-json\/wp\/v2\/media?parent=16195"}],"wp:term":[{"taxonomy":"category","embeddable":true,"href":"https:\/\/www.oparanews.com.br\/index.php\/wp-json\/wp\/v2\/categories?post=16195"},{"taxonomy":"post_tag","embeddable":true,"href":"https:\/\/www.oparanews.com.br\/index.php\/wp-json\/wp\/v2\/tags?post=16195"}],"curies":[{"name":"wp","href":"https:\/\/api.w.org\/{rel}","templated":true}]}}