{"id":16201,"date":"2021-06-02T00:48:25","date_gmt":"2021-06-02T00:48:25","guid":{"rendered":"https:\/\/oparanews.com.br\/?p=16201"},"modified":"2021-06-02T00:48:25","modified_gmt":"2021-06-02T00:48:25","slug":"cavalo-morre-apos-ser-esfaqueado-em-penedo","status":"publish","type":"post","link":"https:\/\/www.oparanews.com.br\/index.php\/2021\/06\/02\/cavalo-morre-apos-ser-esfaqueado-em-penedo\/","title":{"rendered":"Cavalo morre ap\u00f3s ser esfaqueado em Penedo"},"content":{"rendered":"<p>Um cavalo morreu depois de ser esfaqueado na tarde desta segunda-feira (1) na Vila Matias, em Penedo, na regi\u00e3o do Baixo S\u00e3o Francisco em Alagoas.<\/p>\n<p>De acordo com o Disk Animal da prefeitura de Penedo, moradores da Vila Matias ligaram denunciando que o animal estava sangrando passando pelas ruas.<\/p>\n<p>Quando a equipe chegou ao local, encontrou o cavalo com um corte de fac\u00e3o em uma das patas. Um veterin\u00e1rio foi chamado, mas o cavalo morreu antes da chegada do profissional.<\/p>\n<p>Foram feitas algumas rondas na regi\u00e3o, mas o dono do animal n\u00e3o foi encontrado. Ainda n\u00e3o h\u00e1 informa\u00e7\u00f5es sobre quem cometeu o crime.<\/p>\n<p>A agress\u00e3o ao cavalo se enquadra na Lei de crimes ambientais. A pena para maus-tratos \u00e9 de tr\u00eas meses a um ano de pris\u00e3o e multa. Em caso de morte do animal, a puni\u00e7\u00e3o pode ser aumentada de 1\/6 a 1\/3.<\/p>\n<p>Quem tiver informa\u00e7\u00f5es sobre o respons\u00e1vel pelo crime pode ligar para Disk Animal, pelo n\u00famero (82) 9-9143-2554.<\/p>\n<p>&nbsp;<\/p>\n<p><strong>Fonte: G1\/AL<\/strong><\/p>\n<p>&nbsp;<\/p>\n","protected":false},"excerpt":{"rendered":"<p>Um cavalo morreu depois de ser esfaqueado na tarde desta segunda-feira (1) na Vila Matias, em Penedo, na regi\u00e3o do Baixo S\u00e3o Francisco em Alagoas. De acordo com o Disk Animal da prefeitura de Penedo, moradores da Vila Matias ligaram denunciando que o animal estava sangrando passando pelas ruas. Quando a equipe chegou ao local, &hellip;<\/p>\n","protected":false},"author":1,"featured_media":16202,"comment_status":"closed","ping_status":"closed","sticky":false,"template":"","format":"standard","meta":{"_jetpack_newsletter_access":"","_jetpack_dont_email_post_to_subs":false,"_jetpack_newsletter_tier_id":0,"_jetpack_memberships_contains_paywalled_content":false,"_jetpack_memberships_contains_paid_content":false,"footnotes":""},"categories":[1],"tags":[],"class_list":["post-16201","post","type-post","status-publish","format-standard","has-post-thumbnail","hentry","category-destaque"],"jetpack_sharing_enabled":true,"jetpack_featured_media_url":"","_links":{"self":[{"href":"https:\/\/www.oparanews.com.br\/index.php\/wp-json\/wp\/v2\/posts\/16201","targetHints":{"allow":["GET"]}}],"collection":[{"href":"https:\/\/www.oparanews.com.br\/index.php\/wp-json\/wp\/v2\/posts"}],"about":[{"href":"https:\/\/www.oparanews.com.br\/index.php\/wp-json\/wp\/v2\/types\/post"}],"author":[{"embeddable":true,"href":"https:\/\/www.oparanews.com.br\/index.php\/wp-json\/wp\/v2\/users\/1"}],"replies":[{"embeddable":true,"href":"https:\/\/www.oparanews.com.br\/index.php\/wp-json\/wp\/v2\/comments?post=16201"}],"version-history":[{"count":0,"href":"https:\/\/www.oparanews.com.br\/index.php\/wp-json\/wp\/v2\/posts\/16201\/revisions"}],"wp:attachment":[{"href":"https:\/\/www.oparanews.com.br\/index.php\/wp-json\/wp\/v2\/media?parent=16201"}],"wp:term":[{"taxonomy":"category","embeddable":true,"href":"https:\/\/www.oparanews.com.br\/index.php\/wp-json\/wp\/v2\/categories?post=16201"},{"taxonomy":"post_tag","embeddable":true,"href":"https:\/\/www.oparanews.com.br\/index.php\/wp-json\/wp\/v2\/tags?post=16201"}],"curies":[{"name":"wp","href":"https:\/\/api.w.org\/{rel}","templated":true}]}}