{"id":16204,"date":"2021-06-02T00:52:31","date_gmt":"2021-06-02T00:52:31","guid":{"rendered":"https:\/\/oparanews.com.br\/?p=16204"},"modified":"2021-06-02T00:52:31","modified_gmt":"2021-06-02T00:52:31","slug":"volante-olivio-e-anunciado-como-novo-reforco-do-asa","status":"publish","type":"post","link":"https:\/\/www.oparanews.com.br\/index.php\/2021\/06\/02\/volante-olivio-e-anunciado-como-novo-reforco-do-asa\/","title":{"rendered":"volante Ol\u00edvio \u00e9 anunciado como novo refor\u00e7o do ASA"},"content":{"rendered":"<p>A diretoria executiva da Agremia\u00e7\u00e3o Sportiva Arapiraquense (ASA) acertou, nesta ter\u00e7a-feira (1\u00b0), a contrata\u00e7\u00e3o do meia Ol\u00edvio, de 33 anos, ex-CRB, para a disputa da S\u00e9rie D do Brasileiro.<\/p>\n<p>No \u00faltimo domingo (30), o atleta j\u00e1 havia usado o Instagram para comunicar seu desligamento do CRB. Na postagem, o jogador destacou o tempo que vestiu a camisa regatiana e agradeceu o apoio da torcida.<\/p>\n<p>\u201dAgora chegou o momento de partir. Tenho certeza que vou sentir muita falta da na\u00e7\u00e3o e de todos os funcion\u00e1rios do clube, que sempre me trataram com muito carinho. Saio com a cabe\u00e7a erguida porque sei que fui vencedor e lutei at\u00e9 o fim vestindo o nosso manto vermelho e branco. Obrigado, Clube de Regatas Brasil. Obrigado a todos do fundo do meu cora\u00e7\u00e3o&#8230; Espero que n\u00e3o seja um adeus, mas sim um at\u00e9 logo.\u201c<\/p>\n<p>Ol\u00edvio chegou ao CRB em 2014. Com boas atua\u00e7\u00f5es e muita ra\u00e7a em campo, logo se tornou \u00eddolo. Em 2016, foi pego no exame antidoping e precisou cumprir quatro anos de suspens\u00e3o. Voltou em dezembro do ano passado, contra o Am\u00e9rica-MG, pela 31\u00aa rodada do Brasileiro.<\/p>\n<p>O atleta foi um dos pedidos do t\u00e9cnico Ademir Fonseca para a continuidade dos trabalhos na temporada.<\/p>\n<p>Confira a ficha t\u00e9cnica completa:<\/p>\n<p>Nome: Ol\u00edvio Aparecido da Costa;<\/p>\n<p>Data de nascimento: 21\/12\/1987 \u2013 33 anos;<\/p>\n<p>Natural de: Presidente Epit\u00e1cio \u2013 S\u00e3o Paulo;<\/p>\n<p>\u00daltimo clube: CRB (2014-2021).<\/p>\n<p>&nbsp;<\/p>\n<p><strong>com Assessoria<\/strong><\/p>\n<p>&nbsp;<\/p>\n","protected":false},"excerpt":{"rendered":"<p>A diretoria executiva da Agremia\u00e7\u00e3o Sportiva Arapiraquense (ASA) acertou, nesta ter\u00e7a-feira (1\u00b0), a contrata\u00e7\u00e3o do meia Ol\u00edvio, de 33 anos, ex-CRB, para a disputa da S\u00e9rie D do Brasileiro. No \u00faltimo domingo (30), o atleta j\u00e1 havia usado o Instagram para comunicar seu desligamento do CRB. Na postagem, o jogador destacou o tempo que vestiu &hellip;<\/p>\n","protected":false},"author":1,"featured_media":16205,"comment_status":"closed","ping_status":"closed","sticky":false,"template":"","format":"standard","meta":{"_jetpack_newsletter_access":"","_jetpack_dont_email_post_to_subs":false,"_jetpack_newsletter_tier_id":0,"_jetpack_memberships_contains_paywalled_content":false,"_jetpack_memberships_contains_paid_content":false,"footnotes":""},"categories":[1],"tags":[],"class_list":["post-16204","post","type-post","status-publish","format-standard","has-post-thumbnail","hentry","category-destaque"],"jetpack_sharing_enabled":true,"jetpack_featured_media_url":"","_links":{"self":[{"href":"https:\/\/www.oparanews.com.br\/index.php\/wp-json\/wp\/v2\/posts\/16204","targetHints":{"allow":["GET"]}}],"collection":[{"href":"https:\/\/www.oparanews.com.br\/index.php\/wp-json\/wp\/v2\/posts"}],"about":[{"href":"https:\/\/www.oparanews.com.br\/index.php\/wp-json\/wp\/v2\/types\/post"}],"author":[{"embeddable":true,"href":"https:\/\/www.oparanews.com.br\/index.php\/wp-json\/wp\/v2\/users\/1"}],"replies":[{"embeddable":true,"href":"https:\/\/www.oparanews.com.br\/index.php\/wp-json\/wp\/v2\/comments?post=16204"}],"version-history":[{"count":0,"href":"https:\/\/www.oparanews.com.br\/index.php\/wp-json\/wp\/v2\/posts\/16204\/revisions"}],"wp:attachment":[{"href":"https:\/\/www.oparanews.com.br\/index.php\/wp-json\/wp\/v2\/media?parent=16204"}],"wp:term":[{"taxonomy":"category","embeddable":true,"href":"https:\/\/www.oparanews.com.br\/index.php\/wp-json\/wp\/v2\/categories?post=16204"},{"taxonomy":"post_tag","embeddable":true,"href":"https:\/\/www.oparanews.com.br\/index.php\/wp-json\/wp\/v2\/tags?post=16204"}],"curies":[{"name":"wp","href":"https:\/\/api.w.org\/{rel}","templated":true}]}}