{"id":16210,"date":"2021-06-02T00:59:38","date_gmt":"2021-06-02T00:59:38","guid":{"rendered":"https:\/\/oparanews.com.br\/?p=16210"},"modified":"2021-06-02T00:59:38","modified_gmt":"2021-06-02T00:59:38","slug":"governo-confirma-copa-america-no-brasil-e-anuncia-4-sedes","status":"publish","type":"post","link":"https:\/\/www.oparanews.com.br\/index.php\/2021\/06\/02\/governo-confirma-copa-america-no-brasil-e-anuncia-4-sedes\/","title":{"rendered":"Governo confirma Copa Am\u00e9rica no Brasil e anuncia 4 sedes"},"content":{"rendered":"<p>O presidente Jair Bolsonaro confirmou nesta ter\u00e7a-feira que o Brasil ser\u00e1 sede da Copa Am\u00e9rica. Ele informou que os governadores do Distrito Federal, Rio de Janeiro, Mato Grosso e Goi\u00e1s aceitaram receber os jogos da competi\u00e7\u00e3o.<\/p>\n<p>&#8220;Escolhemos as sedes em comum acordo, obviamente, com os governadores. Agora, j\u00e1 tivemos quatro governadores: aqui de Bras\u00edlia, Rio de Janeiro, Mato Grosso do Sul e Goi\u00e1s. E mais um agora, que chegou um pouco atrasado, tamb\u00e9m se prontificando a sediar a Copa Am\u00e9rica. Ent\u00e3o, ao que tudo indica, prezado Queiroga (ministro da Sa\u00fade), seguindo os mesmos protocolos, o Brasil sediar\u00e1 a Copa Am\u00e9rica&#8221;, disse Bolsonaro, durante evento no Minist\u00e9rio da Sa\u00fade, onde foi anunciada a transfer\u00eancia de tecnologia para o laborat\u00f3rio da Fiocruz fabricar a vacina da Astrazeneca contra o coronav\u00edrus.<\/p>\n<p>Pelas redes sociais o ministro da Casa Civil, Luiz Ramos, endossou o que havia dito o presidente e corrigiu um dos Estados divulgados pelo presidente. A Copa Am\u00e9rica ser\u00e1 no Mato Grosso, onde fica a Arena Pantanal, constru\u00edda para a Copa do Mundo, e n\u00e3o Mato Grosso do Sul. &#8220;Confirmada a Copa Am\u00e9rica no Brasil. Venceu a coer\u00eancia! O Brasil que sedia jogos da Libertadores, Sul-Americana, sem falar nos campeonatos estaduais e Brasileiro, n\u00e3o poderia virar as costas para um campeonato tradicional como este. As partidas ser\u00e3o em MT, RJ, DF e GO, sem p\u00fablico&#8221;, escreveu.<\/p>\n<p>Pouco tempo depois do an\u00fancio do presidente, o governador de S\u00e3o Paulo, Jo\u00e3o Doria (PSDB), anunciou que o Estado n\u00e3o receber\u00e1 jogos do campeonato. A declara\u00e7\u00e3o do tucano foi um recuo em rela\u00e7\u00e3o \u00e0 defesa que fez dos jogos mais cedo nesta ter\u00e7a e ontem.<\/p>\n<p>&#8220;Comuniquei ao secret\u00e1rio-geral da CBF que SP n\u00e3o dever\u00e1 sediar a Copa Am\u00e9rica. Ap\u00f3s ampla consulta aos membros do Centro de Conting\u00eancia sobre os efeitos que a realiza\u00e7\u00e3o da Copa Am\u00e9rica teria sobre a Pandemia de Covid-19 no Estado de SP, os cientistas apontaram que neste momento a realiza\u00e7\u00e3o do torneio representaria uma m\u00e1 sinaliza\u00e7\u00e3o de arrefecimento no controle da transmiss\u00e3o do coronav\u00edrus, prioridade absoluta do Governo do Estado&#8221;, publicou Doria.<\/p>\n<p>A transfer\u00eancia do evento para o Pa\u00eds foi anunciada ap\u00f3s Col\u00f4mbia e Argentina desistirem de receber o torneio. O Brasil foi escolhido com o argumento de possuir est\u00e1dios em boas condi\u00e7\u00f5es de uso, apesar de alguns estarem ociosos ap\u00f3s a Copa do Mundo de 2014.<\/p>\n<p>O an\u00fancio gerou cr\u00edticas por acontecer em meio a pandemia de covid-19. Ao longo do dia, governadores passaram a rejeitar a possibilidade de receber jogos do torneio em seus Estados. Rio Grande do Sul, Pernambuco e Rio Grande do Norte j\u00e1 alegaram n\u00e3o ter condi\u00e7\u00f5es de receber um evento desse porte em meio \u00e0 pandemia do coronav\u00edrus. Nas redes sociais, o evento ganhou apelidos como &#8220;Corona Cup&#8221; e &#8220;Cepa Am\u00e9rica&#8221;, al\u00e9m de memes cr\u00edticos \u00e0 competi\u00e7\u00e3o.<\/p>\n<p>Quando anunciou o Brasil como sede da Copa Am\u00e9rica, o presidente da Conmebol, Alejandro Dominguez, fez quest\u00e3o de agradecer nominalmente Bolsonaro. &#8220;Quero agradecer muito especialmente ao presidente Jair Bolsonaro e a seu gabinete por receber o torneio de sele\u00e7\u00f5es mais antigo do mundo. Igualmente meus agradecimentos v\u00e3o para o presidente da CBF, Rog\u00e9rio Caboclo, por sua colabora\u00e7\u00e3o&#8221;, disse o dirigente m\u00e1ximo da Conmebol nas redes sociais.<\/p>\n<p>O vice-presidente da Comiss\u00e3o Parlamentar de Inqu\u00e9rito (CPI) da Covid, senador Randolfe Rodrigues (Rede-AP), apresentou um requerimento para que o colegiado convoque o presidente da Confedera\u00e7\u00e3o Brasileira de Futebol (CBF), Rog\u00e9rio Caboclo, para explicar sobre a realiza\u00e7\u00e3o do evento. A iniciativa \u00e9 apoiada pelo senador Renan Calheiros (MDB-AL), relator da CPI, que afirmou ao Estad\u00e3o que vai se esfor\u00e7ar para que ela seja aprovada.<\/p>\n<p>A Argentina abriu m\u00e3o do torneio depois de a Conmebol n\u00e3o aceitar as exig\u00eancias feitas pelas autoridades sanit\u00e1rias, que inclusive eram muito parecidas com as feitas pelo Brasil. Entre as reivindica\u00e7\u00f5es do governo argentino estava a redu\u00e7\u00e3o do n\u00famero de integrantes das delega\u00e7\u00f5es. As dez sele\u00e7\u00f5es participantes do torneio levariam entre 1 mil e 1,2 pessoas ao pa\u00eds vizinho. Tamb\u00e9m foi pedido que as delega\u00e7\u00f5es vacinassem seus membros com ao menos uma dose, al\u00e9m da ado\u00e7\u00e3o de r\u00edgidos protocolos em meio a um aumento de casos de covid-19 no pa\u00eds. Antes, a possibilidade de a Col\u00f4mbia receber os jogos foi descartada ap\u00f3s o acirramento dos protestos contra o governo local.<\/p>\n<p>&nbsp;<\/p>\n<p><strong>Fonte: LANCE<\/strong><\/p>\n<p>&nbsp;<\/p>\n","protected":false},"excerpt":{"rendered":"<p>O presidente Jair Bolsonaro confirmou nesta ter\u00e7a-feira que o Brasil ser\u00e1 sede da Copa Am\u00e9rica. Ele informou que os governadores do Distrito Federal, Rio de Janeiro, Mato Grosso e Goi\u00e1s aceitaram receber os jogos da competi\u00e7\u00e3o. &#8220;Escolhemos as sedes em comum acordo, obviamente, com os governadores. Agora, j\u00e1 tivemos quatro governadores: aqui de Bras\u00edlia, Rio &hellip;<\/p>\n","protected":false},"author":1,"featured_media":16211,"comment_status":"closed","ping_status":"closed","sticky":false,"template":"","format":"standard","meta":{"_jetpack_newsletter_access":"","_jetpack_dont_email_post_to_subs":false,"_jetpack_newsletter_tier_id":0,"_jetpack_memberships_contains_paywalled_content":false,"_jetpack_memberships_contains_paid_content":false,"footnotes":""},"categories":[1],"tags":[],"class_list":["post-16210","post","type-post","status-publish","format-standard","has-post-thumbnail","hentry","category-destaque"],"jetpack_sharing_enabled":true,"jetpack_featured_media_url":"","_links":{"self":[{"href":"https:\/\/www.oparanews.com.br\/index.php\/wp-json\/wp\/v2\/posts\/16210","targetHints":{"allow":["GET"]}}],"collection":[{"href":"https:\/\/www.oparanews.com.br\/index.php\/wp-json\/wp\/v2\/posts"}],"about":[{"href":"https:\/\/www.oparanews.com.br\/index.php\/wp-json\/wp\/v2\/types\/post"}],"author":[{"embeddable":true,"href":"https:\/\/www.oparanews.com.br\/index.php\/wp-json\/wp\/v2\/users\/1"}],"replies":[{"embeddable":true,"href":"https:\/\/www.oparanews.com.br\/index.php\/wp-json\/wp\/v2\/comments?post=16210"}],"version-history":[{"count":0,"href":"https:\/\/www.oparanews.com.br\/index.php\/wp-json\/wp\/v2\/posts\/16210\/revisions"}],"wp:attachment":[{"href":"https:\/\/www.oparanews.com.br\/index.php\/wp-json\/wp\/v2\/media?parent=16210"}],"wp:term":[{"taxonomy":"category","embeddable":true,"href":"https:\/\/www.oparanews.com.br\/index.php\/wp-json\/wp\/v2\/categories?post=16210"},{"taxonomy":"post_tag","embeddable":true,"href":"https:\/\/www.oparanews.com.br\/index.php\/wp-json\/wp\/v2\/tags?post=16210"}],"curies":[{"name":"wp","href":"https:\/\/api.w.org\/{rel}","templated":true}]}}