{"id":16216,"date":"2021-06-02T01:04:41","date_gmt":"2021-06-02T01:04:41","guid":{"rendered":"https:\/\/oparanews.com.br\/?p=16216"},"modified":"2021-06-02T01:04:41","modified_gmt":"2021-06-02T01:04:41","slug":"oms-aprova-uso-emergencial-da-coronavac","status":"publish","type":"post","link":"https:\/\/www.oparanews.com.br\/index.php\/2021\/06\/02\/oms-aprova-uso-emergencial-da-coronavac\/","title":{"rendered":"OMS aprova uso emergencial da CoronaVac"},"content":{"rendered":"<p>A Organiza\u00e7\u00e3o Mundial da Sa\u00fade (OMS) aprovou a CoronaVac, vacina contra a covid-19 desenvolvida pela chinesa Sinovac Biotech, para uso emergencial, fazendo da vacina a segunda produzida na China a obter endosso da organiza\u00e7\u00e3o, informou a OMS nesta ter\u00e7a-feira, 1\u00ba.<\/p>\n<p>A lista de uso emergencial da OMS \u00e9 um sinal para os reguladores nacionais sobre a seguran\u00e7a e efic\u00e1cia de um produto.<\/p>\n<p>A rela\u00e7\u00e3o tamb\u00e9m permite que a vacina seja inclu\u00edda no esquema Covax, o programa global de fornecimento de vacinas principalmente para pa\u00edses pobres, que atualmente enfrenta grandes problemas de abastecimento devido \u00e0 suspens\u00e3o das exporta\u00e7\u00f5es de vacinas pela \u00cdndia.<\/p>\n<p>Em comunicado, o painel independente de especialistas recomendou a CoronaVac, que no Brasil \u00e9 produzida pelo Instituto Butantan, para adultos com mais de 18 anos, com uma segunda dose entre duas e quatro semanas depois da primeira.<\/p>\n<p>N\u00e3o houve limite m\u00e1ximo de idade, uma vez que os dados sugerem que \u00e9 prov\u00e1vel ter efeito protetor em pessoas idosas.<\/p>\n<p>&nbsp;<\/p>\n<p><strong>Fonte: Terra<\/strong><\/p>\n<p>&nbsp;<\/p>\n","protected":false},"excerpt":{"rendered":"<p>A Organiza\u00e7\u00e3o Mundial da Sa\u00fade (OMS) aprovou a CoronaVac, vacina contra a covid-19 desenvolvida pela chinesa Sinovac Biotech, para uso emergencial, fazendo da vacina a segunda produzida na China a obter endosso da organiza\u00e7\u00e3o, informou a OMS nesta ter\u00e7a-feira, 1\u00ba. A lista de uso emergencial da OMS \u00e9 um sinal para os reguladores nacionais sobre &hellip;<\/p>\n","protected":false},"author":1,"featured_media":16217,"comment_status":"closed","ping_status":"closed","sticky":false,"template":"","format":"standard","meta":{"_jetpack_newsletter_access":"","_jetpack_dont_email_post_to_subs":false,"_jetpack_newsletter_tier_id":0,"_jetpack_memberships_contains_paywalled_content":false,"_jetpack_memberships_contains_paid_content":false,"footnotes":""},"categories":[1],"tags":[],"class_list":["post-16216","post","type-post","status-publish","format-standard","has-post-thumbnail","hentry","category-destaque"],"jetpack_sharing_enabled":true,"jetpack_featured_media_url":"","_links":{"self":[{"href":"https:\/\/www.oparanews.com.br\/index.php\/wp-json\/wp\/v2\/posts\/16216","targetHints":{"allow":["GET"]}}],"collection":[{"href":"https:\/\/www.oparanews.com.br\/index.php\/wp-json\/wp\/v2\/posts"}],"about":[{"href":"https:\/\/www.oparanews.com.br\/index.php\/wp-json\/wp\/v2\/types\/post"}],"author":[{"embeddable":true,"href":"https:\/\/www.oparanews.com.br\/index.php\/wp-json\/wp\/v2\/users\/1"}],"replies":[{"embeddable":true,"href":"https:\/\/www.oparanews.com.br\/index.php\/wp-json\/wp\/v2\/comments?post=16216"}],"version-history":[{"count":0,"href":"https:\/\/www.oparanews.com.br\/index.php\/wp-json\/wp\/v2\/posts\/16216\/revisions"}],"wp:attachment":[{"href":"https:\/\/www.oparanews.com.br\/index.php\/wp-json\/wp\/v2\/media?parent=16216"}],"wp:term":[{"taxonomy":"category","embeddable":true,"href":"https:\/\/www.oparanews.com.br\/index.php\/wp-json\/wp\/v2\/categories?post=16216"},{"taxonomy":"post_tag","embeddable":true,"href":"https:\/\/www.oparanews.com.br\/index.php\/wp-json\/wp\/v2\/tags?post=16216"}],"curies":[{"name":"wp","href":"https:\/\/api.w.org\/{rel}","templated":true}]}}