{"id":16227,"date":"2021-06-02T15:31:36","date_gmt":"2021-06-02T15:31:36","guid":{"rendered":"https:\/\/oparanews.com.br\/?p=16227"},"modified":"2021-06-02T15:31:36","modified_gmt":"2021-06-02T15:31:36","slug":"governo-publica-cronograma-do-enem-completo","status":"publish","type":"post","link":"https:\/\/www.oparanews.com.br\/index.php\/2021\/06\/02\/governo-publica-cronograma-do-enem-completo\/","title":{"rendered":"Governo publica cronograma do Enem completo"},"content":{"rendered":"<p>O edital do Exame Nacional do Ensino M\u00e9dio (Enem) 2021 foi publicado nesta quarta-feira (2) no Di\u00e1rio Oficial da Uni\u00e3o. Desta vez, diferentemente da edi\u00e7\u00e3o anterior, as vers\u00f5es impressa e digital ser\u00e3o aplicadas nas mesmas datas (21 e 28 de novembro) e ter\u00e3o perguntas iguais.<\/p>\n<p>Essa \u00e9 uma forma de ganhar tempo na elabora\u00e7\u00e3o dos cadernos de quest\u00f5es, segundo o Instituto Nacional de Estudos e Pesquisas Educacionais An\u00edsio Teixeira (Inep).<\/p>\n<p>Especialistas haviam alertado, em maio, para o risco de haver comprometimento na qualidade e na seguran\u00e7a do Enem, por causa do prazo apertado.<\/p>\n<p>O Inep menciona ainda as seguintes medidas para garantir que o cronograma seja cumprido:<\/p>\n<p>otimiza\u00e7\u00e3o e encurtamento dos processos de transporte e armazenamento das provas, com novas estrat\u00e9gias seguidas pelos Correios;<br \/>\nprorroga\u00e7\u00e3o do contrato com a gr\u00e1fica respons\u00e1vel pela edi\u00e7\u00e3o de 2020, dispensando a necessidade de uma nova licita\u00e7\u00e3o.<\/p>\n<p>Inscri\u00e7\u00f5es e datas<\/p>\n<p>A inscri\u00e7\u00e3o deve ser feita na p\u00e1gina do participante entre os dias 30 de junho e 14 de julho. Para quem n\u00e3o conseguiu a isen\u00e7\u00e3o, a taxa ser\u00e1 de R$ 85.<\/p>\n<p>Confira o cronograma:<\/p>\n<p>Inscri\u00e7\u00f5es: 30\/6 a 14\/7<br \/>\nPagamento da inscri\u00e7\u00e3o: at\u00e9 19\/7<br \/>\nPedido de atendimento especializado: 30\/6 a 14\/7<br \/>\nPedido de tratamento pelo nome social: 19 a 23\/7<br \/>\nProvas: 21 e 28\/11<\/p>\n<p>Enem digital com adapta\u00e7\u00f5es<\/p>\n<p>O candidato deve escolher, na inscri\u00e7\u00e3o, se deseja fazer a vers\u00e3o impressa (tradicional) ou a informatizada.<\/p>\n<p>Ao todo, ser\u00e3o 101.100 vagas no Enem digital. \u00c9 importante lembrar que ele \u00e9 aplicado nos locais de prova \u2014 n\u00e3o existe a op\u00e7\u00e3o de prestar o exame em casa.<\/p>\n<p>Desta vez, a vers\u00e3o computadorizada ter\u00e1 adapta\u00e7\u00f5es para candidatos com defici\u00eancia: prova superampliada e com contraste (voltada para pessoas com baixa vis\u00e3o), e locais de aplica\u00e7\u00e3o com acessibilidade. Na edi\u00e7\u00e3o anterior, apenas a vers\u00e3o impressa oferecia essas op\u00e7\u00f5es.<\/p>\n<p>Disciplinas e hor\u00e1rios<\/p>\n<p>Como nos \u00faltimos anos, o Enem ser\u00e1 aplicado em dois domingos.<\/p>\n<p>21 de novembro<\/p>\n<p>O candidato dever\u00e1 fazer:<\/p>\n<p>45 quest\u00f5es de linguagens;<br \/>\n45 quest\u00f5es de ci\u00eancias humanas;<br \/>\ne reda\u00e7\u00e3o.<\/p>\n<p>28 de novembro<\/p>\n<p>A prova tem meia hora a menos:<\/p>\n<p>45 quest\u00f5es de matem\u00e1tica<br \/>\ne 45 quest\u00f5es de ci\u00eancias da natureza.<\/p>\n<p>Veja os hor\u00e1rios de aplica\u00e7\u00e3o (no fuso de Bras\u00edlia):<\/p>\n<p>Abertura dos port\u00f5es: 12h<br \/>\nFechamento dos port\u00f5es: 13h<br \/>\nIn\u00edcio das provas: 13h30<br \/>\nT\u00e9rmino das provas no 1\u00ba dia: 19h<br \/>\nT\u00e9rmino das provas no 2\u00ba dia: 18h30<\/p>\n<p>Regras de preven\u00e7\u00e3o \u00e0 Covid-19<\/p>\n<p>Mais uma vez, ser\u00e1 obrigat\u00f3rio que os candidatos usem m\u00e1scara durante a prova para reduzir o risco de contamina\u00e7\u00e3o por Covid-19.<\/p>\n<p>No edital, tamb\u00e9m h\u00e1 a determina\u00e7\u00e3o para o uso de \u00e1lcool em gel na higieniza\u00e7\u00e3o das m\u00e3os.<\/p>\n<p>N\u00e3o seguir os protocolos de preven\u00e7\u00e3o leva \u00e0 elimina\u00e7\u00e3o do estudante.<\/p>\n<p>&nbsp;<\/p>\n<p><strong>Fonte: G1<\/strong><\/p>\n<p>&nbsp;<\/p>\n","protected":false},"excerpt":{"rendered":"<p>O edital do Exame Nacional do Ensino M\u00e9dio (Enem) 2021 foi publicado nesta quarta-feira (2) no Di\u00e1rio Oficial da Uni\u00e3o. Desta vez, diferentemente da edi\u00e7\u00e3o anterior, as vers\u00f5es impressa e digital ser\u00e3o aplicadas nas mesmas datas (21 e 28 de novembro) e ter\u00e3o perguntas iguais. Essa \u00e9 uma forma de ganhar tempo na elabora\u00e7\u00e3o dos &hellip;<\/p>\n","protected":false},"author":1,"featured_media":16228,"comment_status":"closed","ping_status":"closed","sticky":false,"template":"","format":"standard","meta":{"_jetpack_newsletter_access":"","_jetpack_dont_email_post_to_subs":false,"_jetpack_newsletter_tier_id":0,"_jetpack_memberships_contains_paywalled_content":false,"_jetpack_memberships_contains_paid_content":false,"footnotes":""},"categories":[1],"tags":[],"class_list":["post-16227","post","type-post","status-publish","format-standard","has-post-thumbnail","hentry","category-destaque"],"jetpack_sharing_enabled":true,"jetpack_featured_media_url":"","_links":{"self":[{"href":"https:\/\/www.oparanews.com.br\/index.php\/wp-json\/wp\/v2\/posts\/16227","targetHints":{"allow":["GET"]}}],"collection":[{"href":"https:\/\/www.oparanews.com.br\/index.php\/wp-json\/wp\/v2\/posts"}],"about":[{"href":"https:\/\/www.oparanews.com.br\/index.php\/wp-json\/wp\/v2\/types\/post"}],"author":[{"embeddable":true,"href":"https:\/\/www.oparanews.com.br\/index.php\/wp-json\/wp\/v2\/users\/1"}],"replies":[{"embeddable":true,"href":"https:\/\/www.oparanews.com.br\/index.php\/wp-json\/wp\/v2\/comments?post=16227"}],"version-history":[{"count":0,"href":"https:\/\/www.oparanews.com.br\/index.php\/wp-json\/wp\/v2\/posts\/16227\/revisions"}],"wp:attachment":[{"href":"https:\/\/www.oparanews.com.br\/index.php\/wp-json\/wp\/v2\/media?parent=16227"}],"wp:term":[{"taxonomy":"category","embeddable":true,"href":"https:\/\/www.oparanews.com.br\/index.php\/wp-json\/wp\/v2\/categories?post=16227"},{"taxonomy":"post_tag","embeddable":true,"href":"https:\/\/www.oparanews.com.br\/index.php\/wp-json\/wp\/v2\/tags?post=16227"}],"curies":[{"name":"wp","href":"https:\/\/api.w.org\/{rel}","templated":true}]}}