{"id":16239,"date":"2021-06-03T00:12:51","date_gmt":"2021-06-03T00:12:51","guid":{"rendered":"https:\/\/oparanews.com.br\/?p=16239"},"modified":"2021-06-03T00:12:51","modified_gmt":"2021-06-03T00:12:51","slug":"prefeitura-de-penedo-realiza-reuniao-para-formacao-do-conselho-municipal-de-meio-ambiente","status":"publish","type":"post","link":"https:\/\/www.oparanews.com.br\/index.php\/2021\/06\/03\/prefeitura-de-penedo-realiza-reuniao-para-formacao-do-conselho-municipal-de-meio-ambiente\/","title":{"rendered":"Prefeitura de Penedo realiza reuni\u00e3o para forma\u00e7\u00e3o do Conselho Municipal de Meio Ambiente"},"content":{"rendered":"<p>A Secretaria Municipal de Meio Ambiente e Recursos H\u00eddricos- SEMARH da Prefeitura de Penedo trabalha para promover a\u00e7\u00f5es de prote\u00e7\u00e3o ambiental em todo o munic\u00edpio.<\/p>\n<p>Integrando as a\u00e7\u00f5es da pasta, a SEMARH realizou a primeira reuni\u00e3o para composi\u00e7\u00e3o do Conselho Municipal de Meio Ambiente, nesta quarta-feira, 2 de junho.<\/p>\n<p>O encontro foi realizado com p\u00fablico reduzido em virtude das restri\u00e7\u00f5es impostas pelo momento atual da pandemia de Covid-19.<\/p>\n<p>Participaram apenas os integrantes de \u00f3rg\u00e3os, entidades e associa\u00e7\u00f5es convidadas, entre essas a Universidade Federal de Alagoas- UFAL.<\/p>\n<p>A reuni\u00e3o tamb\u00e9m contou com as presen\u00e7as do Prefeito Ronaldo Lopes e do Secret\u00e1rio de Meio Ambiente de Penedo, Gustavo Alencar.<\/p>\n<p><strong>Composi\u00e7\u00e3o<\/strong><\/p>\n<p>O Conselho Municipal de Meio Ambiente \u00e9 composto por cinco membros, sendo o presidente o Secret\u00e1rio Municipal de Meio Ambiente, atribui\u00e7\u00e3o definida pela legisla\u00e7\u00e3o vigente.<\/p>\n<p>Ap\u00f3s os debates em torno do tema, outra reuni\u00e3o foi agendada para o pr\u00f3ximo dia 9, para definir a composi\u00e7\u00e3o do referido conselho.<\/p>\n<p>O Conselho Municipal de Meio Ambiente atuar\u00e1 como um \u00f3rg\u00e3o deliberativo, consultivo e normativo referente ao tema.<\/p>\n<p>O \u00f3rg\u00e3o tem como atribui\u00e7\u00e3o a fiscaliza\u00e7\u00e3o das quest\u00f5es ambientais, buscando a preserva\u00e7\u00e3o do meio ambiente no \u00e2mbito municipal e tendo tamb\u00e9m a fun\u00e7\u00e3o de emitir autoriza\u00e7\u00f5es ambientais para a instala\u00e7\u00e3o de novas empresas em Penedo.<\/p>\n<p><strong>Prefeito Ronaldo Lopes<\/strong><\/p>\n<p>O Prefeito Ronaldo Lopes ao discursar durante a abertura do encontro destacou o marco importante para Penedo, que representa a forma\u00e7\u00e3o desse conselho, lembrando que a poucos anos a Secretaria de Meio Ambiente era criada.<\/p>\n<p>Com a forma\u00e7\u00e3o do Conselho do Meio Ambiente conclu\u00edsse a estrutura\u00e7\u00e3o dos \u00f3rg\u00e3os referentes a quest\u00e3o ambiental no munic\u00edpio.<\/p>\n<p>\u201cTodos os presentes dar\u00e3o uma grande contribui\u00e7\u00e3o para forma\u00e7\u00e3o do conselho, j\u00e1 temos 5 meses de administra\u00e7\u00e3o e sempre buscando trabalhar na preserva\u00e7\u00e3o ambiental. Podem ter certeza que o meio ambiente \u00e9 prioridade em nossa gest\u00e3o, somaremos avan\u00e7os na prote\u00e7\u00e3o ambiental como a preserva\u00e7\u00e3o de nascentes do Rio S\u00e3o Francisco, entre outros objetivos, contando sempre com o apoio do IMA- Instituto do Meio Ambiente de Alagoas\u201d, destacou Ronaldo Lopes.<\/p>\n<p>Ronaldo Lopes tamb\u00e9m salientou a implanta\u00e7\u00e3o da coleta seletiva do munic\u00edpio, com a estrutura\u00e7\u00e3o de um galp\u00e3o com todos os equipamentos necess\u00e1rios e a instala\u00e7\u00e3o de uma cooperativa de reciclagem.<\/p>\n<p>Tamb\u00e9m pediu o apoio da popula\u00e7\u00e3o quanto a quest\u00e3o do lixo, para que coloquem em suas portas apenas antes do caminh\u00e3o da coleta passar.<\/p>\n<p>Sobre a coleta seletiva tamb\u00e9m afirmou ser importante que a popula\u00e7\u00e3o fa\u00e7a sua parte, n\u00e3o descartando nenhum tipo de material em terrenos baldios e separando os res\u00edduos recicl\u00e1veis para coleta seletiva.<\/p>\n<p>&nbsp;<\/p>\n<p><strong>por Thiago Sobral &#8211; Decom PMP<\/strong><\/p>\n<p>&nbsp;<\/p>\n","protected":false},"excerpt":{"rendered":"<p>A Secretaria Municipal de Meio Ambiente e Recursos H\u00eddricos- SEMARH da Prefeitura de Penedo trabalha para promover a\u00e7\u00f5es de prote\u00e7\u00e3o ambiental em todo o munic\u00edpio. Integrando as a\u00e7\u00f5es da pasta, a SEMARH realizou a primeira reuni\u00e3o para composi\u00e7\u00e3o do Conselho Municipal de Meio Ambiente, nesta quarta-feira, 2 de junho. O encontro foi realizado com p\u00fablico &hellip;<\/p>\n","protected":false},"author":1,"featured_media":16240,"comment_status":"closed","ping_status":"closed","sticky":false,"template":"","format":"standard","meta":{"_jetpack_newsletter_access":"","_jetpack_dont_email_post_to_subs":false,"_jetpack_newsletter_tier_id":0,"_jetpack_memberships_contains_paywalled_content":false,"_jetpack_memberships_contains_paid_content":false,"footnotes":""},"categories":[1],"tags":[],"class_list":["post-16239","post","type-post","status-publish","format-standard","has-post-thumbnail","hentry","category-destaque"],"jetpack_sharing_enabled":true,"jetpack_featured_media_url":"","_links":{"self":[{"href":"https:\/\/www.oparanews.com.br\/index.php\/wp-json\/wp\/v2\/posts\/16239","targetHints":{"allow":["GET"]}}],"collection":[{"href":"https:\/\/www.oparanews.com.br\/index.php\/wp-json\/wp\/v2\/posts"}],"about":[{"href":"https:\/\/www.oparanews.com.br\/index.php\/wp-json\/wp\/v2\/types\/post"}],"author":[{"embeddable":true,"href":"https:\/\/www.oparanews.com.br\/index.php\/wp-json\/wp\/v2\/users\/1"}],"replies":[{"embeddable":true,"href":"https:\/\/www.oparanews.com.br\/index.php\/wp-json\/wp\/v2\/comments?post=16239"}],"version-history":[{"count":0,"href":"https:\/\/www.oparanews.com.br\/index.php\/wp-json\/wp\/v2\/posts\/16239\/revisions"}],"wp:attachment":[{"href":"https:\/\/www.oparanews.com.br\/index.php\/wp-json\/wp\/v2\/media?parent=16239"}],"wp:term":[{"taxonomy":"category","embeddable":true,"href":"https:\/\/www.oparanews.com.br\/index.php\/wp-json\/wp\/v2\/categories?post=16239"},{"taxonomy":"post_tag","embeddable":true,"href":"https:\/\/www.oparanews.com.br\/index.php\/wp-json\/wp\/v2\/tags?post=16239"}],"curies":[{"name":"wp","href":"https:\/\/api.w.org\/{rel}","templated":true}]}}