{"id":16242,"date":"2021-06-03T00:15:04","date_gmt":"2021-06-03T00:15:04","guid":{"rendered":"https:\/\/oparanews.com.br\/?p=16242"},"modified":"2021-06-03T00:15:04","modified_gmt":"2021-06-03T00:15:04","slug":"estado-confirma-mais-745-casos-e-17-mortes-por-covid","status":"publish","type":"post","link":"https:\/\/www.oparanews.com.br\/index.php\/2021\/06\/03\/estado-confirma-mais-745-casos-e-17-mortes-por-covid\/","title":{"rendered":"Estado confirma mais 745 casos e 17 mortes por Covid"},"content":{"rendered":"<p>Alagoas registrou mais 745 casos confirmados e 17 mortes por Covid-19. Os dados s\u00e3o do boletim epidemiol\u00f3gico da Secretaria de Estado da Sa\u00fade (Sesau), divulgado nesta quarta-feira (2).<\/p>\n<p>Desde o come\u00e7o da pandemia, o estado registrou 194.326 casos confirmados e 4.785 \u00f3bitos de pessoas que receberam diagn\u00f3stico de Covid.<\/p>\n<p>Do total de casos confirmados, 185.173 pacientes finalizaram o per\u00edodo de isolamento e outros 3.510 est\u00e3o em tratamento, em isolamento domiciliar.<\/p>\n<p>O n\u00famero acumulado de casos suspeitos chegou a 17.564.<\/p>\n<p>A taxa de ocupa\u00e7\u00e3o dos leitos de UTI Covid no estado \u00e9 de 91%. Em Macei\u00f3, a ocupa\u00e7\u00e3o de \u00e9 de 89%. Os dados s\u00e3o do boletim de leitos mais recentes, divulgado nessa quarta.<\/p>\n<p><strong>Mais 17 mortes por Covid-19<\/strong><\/p>\n<p>Macei\u00f3: Homem, 45 anos, com hepatite B<br \/>\nMacei\u00f3: Homem, 75 anos, hipertenso<br \/>\nMacei\u00f3: Homem, 95 anos, sem comorbidades<br \/>\nMacei\u00f3: Mulher, 54 anos, com hipertens\u00e3o, hipotiroidismo e era ex-tabagista<br \/>\nMacei\u00f3: Mulher, 55 anos, diab\u00e9tica, hipertensa, obesa e asm\u00e1tica<br \/>\nMacei\u00f3: Mulher, 58 anos, hipertensa e asm\u00e1tica<br \/>\nMacei\u00f3: Mulher, 70 anos, tinha doen\u00e7a cardiovascular cr\u00f4nica<br \/>\nArapiraca: Mulher, 79 anos, tinha doen\u00e7a cardiovascular<br \/>\nArapiraca: Homem, 51 anos, sem comorbidades<br \/>\nArapiraca: Mulher, 52 anos, diab\u00e9tica<br \/>\nRio Largo: Homem, 49 anos, sequelas de uma paralisia infantil e era acamado<br \/>\nRio Largo: Homem, 59 anos, hipertenso<br \/>\nAnadia: Homem, 64 anos, hipertenso<br \/>\nBelo Monte: Homem, 38 anos, hipertenso e diab\u00e9tico<br \/>\nTaquarana: Homem, 86 anos, hipertenso, cardiopata, tinha doen\u00e7a renal cr\u00f4nica e sequelas de um AVC<br \/>\nParipueira: Mulher, 70 anos, hipertensa<br \/>\nMonteir\u00f3polis: Mulher, 73 anos, hipertensa e obesa<\/p>\n<p>&nbsp;<\/p>\n<p><strong>Fonte: G1\/AL<\/strong><\/p>\n<p>&nbsp;<\/p>\n","protected":false},"excerpt":{"rendered":"<p>Alagoas registrou mais 745 casos confirmados e 17 mortes por Covid-19. Os dados s\u00e3o do boletim epidemiol\u00f3gico da Secretaria de Estado da Sa\u00fade (Sesau), divulgado nesta quarta-feira (2). Desde o come\u00e7o da pandemia, o estado registrou 194.326 casos confirmados e 4.785 \u00f3bitos de pessoas que receberam diagn\u00f3stico de Covid. Do total de casos confirmados, 185.173 &hellip;<\/p>\n","protected":false},"author":1,"featured_media":15525,"comment_status":"closed","ping_status":"closed","sticky":false,"template":"","format":"standard","meta":{"_jetpack_newsletter_access":"","_jetpack_dont_email_post_to_subs":false,"_jetpack_newsletter_tier_id":0,"_jetpack_memberships_contains_paywalled_content":false,"_jetpack_memberships_contains_paid_content":false,"footnotes":""},"categories":[1],"tags":[],"class_list":["post-16242","post","type-post","status-publish","format-standard","has-post-thumbnail","hentry","category-destaque"],"jetpack_sharing_enabled":true,"jetpack_featured_media_url":"","_links":{"self":[{"href":"https:\/\/www.oparanews.com.br\/index.php\/wp-json\/wp\/v2\/posts\/16242","targetHints":{"allow":["GET"]}}],"collection":[{"href":"https:\/\/www.oparanews.com.br\/index.php\/wp-json\/wp\/v2\/posts"}],"about":[{"href":"https:\/\/www.oparanews.com.br\/index.php\/wp-json\/wp\/v2\/types\/post"}],"author":[{"embeddable":true,"href":"https:\/\/www.oparanews.com.br\/index.php\/wp-json\/wp\/v2\/users\/1"}],"replies":[{"embeddable":true,"href":"https:\/\/www.oparanews.com.br\/index.php\/wp-json\/wp\/v2\/comments?post=16242"}],"version-history":[{"count":0,"href":"https:\/\/www.oparanews.com.br\/index.php\/wp-json\/wp\/v2\/posts\/16242\/revisions"}],"wp:attachment":[{"href":"https:\/\/www.oparanews.com.br\/index.php\/wp-json\/wp\/v2\/media?parent=16242"}],"wp:term":[{"taxonomy":"category","embeddable":true,"href":"https:\/\/www.oparanews.com.br\/index.php\/wp-json\/wp\/v2\/categories?post=16242"},{"taxonomy":"post_tag","embeddable":true,"href":"https:\/\/www.oparanews.com.br\/index.php\/wp-json\/wp\/v2\/tags?post=16242"}],"curies":[{"name":"wp","href":"https:\/\/api.w.org\/{rel}","templated":true}]}}