{"id":16244,"date":"2021-06-03T00:16:50","date_gmt":"2021-06-03T00:16:50","guid":{"rendered":"https:\/\/oparanews.com.br\/?p=16244"},"modified":"2021-06-03T00:16:50","modified_gmt":"2021-06-03T00:16:50","slug":"prefeitura-de-penedo-imuniza-pessoas-acima-de-49-anos-de-idade-contra-covid-19","status":"publish","type":"post","link":"https:\/\/www.oparanews.com.br\/index.php\/2021\/06\/03\/prefeitura-de-penedo-imuniza-pessoas-acima-de-49-anos-de-idade-contra-covid-19\/","title":{"rendered":"Prefeitura de Penedo imuniza pessoas acima de 49 anos de idade contra Covid-19"},"content":{"rendered":"<p>A Secretaria Municipal de Sa\u00fade (SEMS) da Prefeitura de Penedo acelera a imuniza\u00e7\u00e3o no munic\u00edpio.<\/p>\n<p>Com isso atualiza o calend\u00e1rio de vacina\u00e7\u00e3o contra Covid-19 em Penedo.<\/p>\n<p>A partir da pr\u00f3xima sexta-feira, 4 de junho a SEMS inicia a vacina\u00e7\u00e3o de novas faixas et\u00e1rias, come\u00e7ando com as pessoas a partir dos 51 anos de idade.<\/p>\n<p>J\u00e1 no s\u00e1bado, 5 de junho ser\u00e1 a vez da popula\u00e7\u00e3o acima dos 50 anos e no domingo 6 de junho, para o pessoal acima dos 49 anos de idade.<\/p>\n<p>Penedo \u00e9 o primeiro munic\u00edpio de Alagoas a conseguir chegar a essa faixa et\u00e1ria.<\/p>\n<p>A Secretaria Municipal de Sa\u00fade informa tamb\u00e9m, que as faixas et\u00e1rias acima da idade m\u00ednima continuam sendo vacinadas, nos dias posteriores ao dia informado para iniciar as novas idades.<\/p>\n<p>Al\u00e9m disso aplica a segunda dose do imunizante Astrazeneca nos 4,5,8 e 11 de junho, para o p\u00fablico priorit\u00e1rio acima de 79 anos de idade.<\/p>\n<p>A medida que Penedo recebe novas doses da vacina, a gest\u00e3o Crescendo Com Seu Povo inclui novas faixas et\u00e1rias da popula\u00e7\u00e3o, imunizando a popula\u00e7\u00e3o penedense em massa.<\/p>\n<p>J\u00e1 foram imunizados at\u00e9 o momento mais de 16 mil pessoas, n\u00famero que j\u00e1 ultrapassa os 25% da popula\u00e7\u00e3o do munic\u00edpio.<\/p>\n<p>A imuniza\u00e7\u00e3o ocorre na Central de Vacina\u00e7\u00e3o contra Covid-19, que funciona na Escola Estadual Ernani M\u00e9ro, das 7h as 17 horas.<\/p>\n<p>As pessoas que fa\u00e7am parte do grupo priorit\u00e1rio a ser imunizado devem levar documento oficial com foto, cart\u00e3o do SUS e comprovante de resid\u00eancia.<\/p>\n<p>&nbsp;<\/p>\n<p><strong>por Thiago Sobral &#8211; Decom PMP<\/strong><\/p>\n<p>&nbsp;<\/p>\n","protected":false},"excerpt":{"rendered":"<p>A Secretaria Municipal de Sa\u00fade (SEMS) da Prefeitura de Penedo acelera a imuniza\u00e7\u00e3o no munic\u00edpio. Com isso atualiza o calend\u00e1rio de vacina\u00e7\u00e3o contra Covid-19 em Penedo. A partir da pr\u00f3xima sexta-feira, 4 de junho a SEMS inicia a vacina\u00e7\u00e3o de novas faixas et\u00e1rias, come\u00e7ando com as pessoas a partir dos 51 anos de idade. J\u00e1 &hellip;<\/p>\n","protected":false},"author":1,"featured_media":16245,"comment_status":"closed","ping_status":"closed","sticky":false,"template":"","format":"standard","meta":{"_jetpack_newsletter_access":"","_jetpack_dont_email_post_to_subs":false,"_jetpack_newsletter_tier_id":0,"_jetpack_memberships_contains_paywalled_content":false,"_jetpack_memberships_contains_paid_content":false,"footnotes":""},"categories":[1],"tags":[],"class_list":["post-16244","post","type-post","status-publish","format-standard","has-post-thumbnail","hentry","category-destaque"],"jetpack_sharing_enabled":true,"jetpack_featured_media_url":"","_links":{"self":[{"href":"https:\/\/www.oparanews.com.br\/index.php\/wp-json\/wp\/v2\/posts\/16244","targetHints":{"allow":["GET"]}}],"collection":[{"href":"https:\/\/www.oparanews.com.br\/index.php\/wp-json\/wp\/v2\/posts"}],"about":[{"href":"https:\/\/www.oparanews.com.br\/index.php\/wp-json\/wp\/v2\/types\/post"}],"author":[{"embeddable":true,"href":"https:\/\/www.oparanews.com.br\/index.php\/wp-json\/wp\/v2\/users\/1"}],"replies":[{"embeddable":true,"href":"https:\/\/www.oparanews.com.br\/index.php\/wp-json\/wp\/v2\/comments?post=16244"}],"version-history":[{"count":0,"href":"https:\/\/www.oparanews.com.br\/index.php\/wp-json\/wp\/v2\/posts\/16244\/revisions"}],"wp:attachment":[{"href":"https:\/\/www.oparanews.com.br\/index.php\/wp-json\/wp\/v2\/media?parent=16244"}],"wp:term":[{"taxonomy":"category","embeddable":true,"href":"https:\/\/www.oparanews.com.br\/index.php\/wp-json\/wp\/v2\/categories?post=16244"},{"taxonomy":"post_tag","embeddable":true,"href":"https:\/\/www.oparanews.com.br\/index.php\/wp-json\/wp\/v2\/tags?post=16244"}],"curies":[{"name":"wp","href":"https:\/\/api.w.org\/{rel}","templated":true}]}}