{"id":16247,"date":"2021-06-03T00:23:55","date_gmt":"2021-06-03T00:23:55","guid":{"rendered":"https:\/\/oparanews.com.br\/?p=16247"},"modified":"2021-06-03T00:23:55","modified_gmt":"2021-06-03T00:23:55","slug":"bolsonaro-fala-em-vacina-para-todos-ate-o-fim-de-2021","status":"publish","type":"post","link":"https:\/\/www.oparanews.com.br\/index.php\/2021\/06\/03\/bolsonaro-fala-em-vacina-para-todos-ate-o-fim-de-2021\/","title":{"rendered":"Bolsonaro fala em vacina para todos at\u00e9 o fim de 2021"},"content":{"rendered":"<p>O presidente Jair Bolsonaro fez um pronunciamento em cadeia nacional nesta quarta-feira para fazer um balan\u00e7o das a\u00e7\u00f5es do governo federal na pandemia, destacando medidas econ\u00f4micas e o acordo de transfer\u00eancia de tecnologia para a produ\u00e7\u00e3o da vacina AstraZeneca no pa\u00eds, al\u00e9m de reafirmar que seu governo &#8220;joga dentro das quatro linhas da Constitui\u00e7\u00e3o&#8221;.<\/p>\n<p>&#8220;O nosso governo joga dentro das quatro linhas da constitui\u00e7\u00e3o, considera o direito de ir e vir, o direito ao trabalho e o livre exerc\u00edcio de cultos religiosos inegoci\u00e1veis&#8221;, disse o presidente, que voltou a criticar medidas de restri\u00e7\u00e3o da circula\u00e7\u00e3o que t\u00eam por objetivo reduzir a transmiss\u00e3o da covid-19.<\/p>\n<p>Durante o curto pronunciamento, de cerca de cinco ministros, foram registrados panela\u00e7os em diversas cidades brasileiras, como Bras\u00edlia, S\u00e3o Paulo e Rio de Janeiro.<\/p>\n<p>Em sua fala, o presidente disse sentir profundamente cada vida perdida no pa\u00eds, mas exaltou o fato de que j\u00e1 se alcan\u00e7ou 100 milh\u00f5es de doses de vacina distribu\u00eddas a Estados e munic\u00edpios.<\/p>\n<p>&#8220;Neste ano, todos os brasileiros, que assim o desejarem, ser\u00e3o vacinados. Vacinas essas que foram aprovadas pela Anvisa&#8221;, prometeu ele, em meio a cr\u00edticas ao governo quanto \u00e0 lentid\u00e3o na vacina\u00e7\u00e3o e no dia em que o pr\u00f3prio Minist\u00e9rio da Sa\u00fade reduziu a proje\u00e7\u00e3o de doses contra covid-19 prevista para junho.<\/p>\n<p>Bolsonaro citou a assinatura do acordo de transfer\u00eancia de tecnologia no Brasil entre a AstraZeneca e a Funda\u00e7\u00e3o Oswaldo Cruz (Fiocruz) para a produ\u00e7\u00e3o da vacina no pa\u00eds. Destacou que, com a medida, o Brasil passa a &#8220;integrar a elite de apenas cinco pa\u00edses que produzem vacina contra a Covid no mundo&#8221;.<\/p>\n<p>&nbsp;<\/p>\n<p><strong>Fonte: Terra<\/strong><\/p>\n<p>&nbsp;<\/p>\n","protected":false},"excerpt":{"rendered":"<p>O presidente Jair Bolsonaro fez um pronunciamento em cadeia nacional nesta quarta-feira para fazer um balan\u00e7o das a\u00e7\u00f5es do governo federal na pandemia, destacando medidas econ\u00f4micas e o acordo de transfer\u00eancia de tecnologia para a produ\u00e7\u00e3o da vacina AstraZeneca no pa\u00eds, al\u00e9m de reafirmar que seu governo &#8220;joga dentro das quatro linhas da Constitui\u00e7\u00e3o&#8221;. &#8220;O &hellip;<\/p>\n","protected":false},"author":1,"featured_media":16248,"comment_status":"closed","ping_status":"closed","sticky":false,"template":"","format":"standard","meta":{"_jetpack_newsletter_access":"","_jetpack_dont_email_post_to_subs":false,"_jetpack_newsletter_tier_id":0,"_jetpack_memberships_contains_paywalled_content":false,"_jetpack_memberships_contains_paid_content":false,"footnotes":""},"categories":[1],"tags":[],"class_list":["post-16247","post","type-post","status-publish","format-standard","has-post-thumbnail","hentry","category-destaque"],"jetpack_sharing_enabled":true,"jetpack_featured_media_url":"","_links":{"self":[{"href":"https:\/\/www.oparanews.com.br\/index.php\/wp-json\/wp\/v2\/posts\/16247","targetHints":{"allow":["GET"]}}],"collection":[{"href":"https:\/\/www.oparanews.com.br\/index.php\/wp-json\/wp\/v2\/posts"}],"about":[{"href":"https:\/\/www.oparanews.com.br\/index.php\/wp-json\/wp\/v2\/types\/post"}],"author":[{"embeddable":true,"href":"https:\/\/www.oparanews.com.br\/index.php\/wp-json\/wp\/v2\/users\/1"}],"replies":[{"embeddable":true,"href":"https:\/\/www.oparanews.com.br\/index.php\/wp-json\/wp\/v2\/comments?post=16247"}],"version-history":[{"count":0,"href":"https:\/\/www.oparanews.com.br\/index.php\/wp-json\/wp\/v2\/posts\/16247\/revisions"}],"wp:attachment":[{"href":"https:\/\/www.oparanews.com.br\/index.php\/wp-json\/wp\/v2\/media?parent=16247"}],"wp:term":[{"taxonomy":"category","embeddable":true,"href":"https:\/\/www.oparanews.com.br\/index.php\/wp-json\/wp\/v2\/categories?post=16247"},{"taxonomy":"post_tag","embeddable":true,"href":"https:\/\/www.oparanews.com.br\/index.php\/wp-json\/wp\/v2\/tags?post=16247"}],"curies":[{"name":"wp","href":"https:\/\/api.w.org\/{rel}","templated":true}]}}