{"id":16250,"date":"2021-06-03T00:32:20","date_gmt":"2021-06-03T00:32:20","guid":{"rendered":"https:\/\/oparanews.com.br\/?p=16250"},"modified":"2021-06-03T00:32:20","modified_gmt":"2021-06-03T00:32:20","slug":"educacao-de-penedo-aplica-simulado-diagnostico-para-alunos-da-rede-municipal","status":"publish","type":"post","link":"https:\/\/www.oparanews.com.br\/index.php\/2021\/06\/03\/educacao-de-penedo-aplica-simulado-diagnostico-para-alunos-da-rede-municipal\/","title":{"rendered":"Educa\u00e7\u00e3o de Penedo aplica simulado diagn\u00f3stico para alunos da rede municipal"},"content":{"rendered":"<p>Nos dias 9 e 10 dezembro a Secretaria Municipal de Educa\u00e7\u00e3o- SEMED da Prefeitura de Penedo realiza o simulado diagn\u00f3stico, ao qual atender\u00e1 os alunos matriculados na rede municipal de educa\u00e7\u00e3o, a partir do segundo ano do ensino fundamental at\u00e9 o nono ano.<\/p>\n<p>A Coordenadora Pedag\u00f3gica da SEMED, Laudeci Melo explica como ser\u00e1 realizada a log\u00edstica de aplica\u00e7\u00e3o do simulado.<\/p>\n<p>Dessa forma, do segundo ao quinto ano, a SEMED realiza o simulado de forma impressa, j\u00e1 do sexto ao nono ano, a avalia\u00e7\u00e3o que serve como diagn\u00f3stico ocorrer\u00e1 por meio do sistema Google formul\u00e1rio.<\/p>\n<p>\u201c\u00c9 a possibilidade de diagnosticar os impactos causados pela pandemia no processo ensino aprendizagem, oportunizando aos profissionais a chance de boas interven\u00e7\u00f5es pedag\u00f3gicas, contribuindo para o desenvolvimento das habilidades dos educandos\u201d, afirmou Laudeci Melo.<\/p>\n<p>Tamb\u00e9m destacando a import\u00e2ncia da participa\u00e7\u00e3o de todos os envolvidos, para a reorganiza\u00e7\u00e3o do processo educacional em toda a rede, a partir os resultados obtidos .<\/p>\n<p>&nbsp;<\/p>\n<p><strong>por Thiago Sobral &#8211; Decom PMP<\/strong><\/p>\n<p>&nbsp;<\/p>\n","protected":false},"excerpt":{"rendered":"<p>Nos dias 9 e 10 dezembro a Secretaria Municipal de Educa\u00e7\u00e3o- SEMED da Prefeitura de Penedo realiza o simulado diagn\u00f3stico, ao qual atender\u00e1 os alunos matriculados na rede municipal de educa\u00e7\u00e3o, a partir do segundo ano do ensino fundamental at\u00e9 o nono ano. A Coordenadora Pedag\u00f3gica da SEMED, Laudeci Melo explica como ser\u00e1 realizada a &hellip;<\/p>\n","protected":false},"author":1,"featured_media":16251,"comment_status":"closed","ping_status":"closed","sticky":false,"template":"","format":"standard","meta":{"_jetpack_newsletter_access":"","_jetpack_dont_email_post_to_subs":false,"_jetpack_newsletter_tier_id":0,"_jetpack_memberships_contains_paywalled_content":false,"_jetpack_memberships_contains_paid_content":false,"footnotes":""},"categories":[1],"tags":[],"class_list":["post-16250","post","type-post","status-publish","format-standard","has-post-thumbnail","hentry","category-destaque"],"jetpack_sharing_enabled":true,"jetpack_featured_media_url":"","_links":{"self":[{"href":"https:\/\/www.oparanews.com.br\/index.php\/wp-json\/wp\/v2\/posts\/16250","targetHints":{"allow":["GET"]}}],"collection":[{"href":"https:\/\/www.oparanews.com.br\/index.php\/wp-json\/wp\/v2\/posts"}],"about":[{"href":"https:\/\/www.oparanews.com.br\/index.php\/wp-json\/wp\/v2\/types\/post"}],"author":[{"embeddable":true,"href":"https:\/\/www.oparanews.com.br\/index.php\/wp-json\/wp\/v2\/users\/1"}],"replies":[{"embeddable":true,"href":"https:\/\/www.oparanews.com.br\/index.php\/wp-json\/wp\/v2\/comments?post=16250"}],"version-history":[{"count":0,"href":"https:\/\/www.oparanews.com.br\/index.php\/wp-json\/wp\/v2\/posts\/16250\/revisions"}],"wp:attachment":[{"href":"https:\/\/www.oparanews.com.br\/index.php\/wp-json\/wp\/v2\/media?parent=16250"}],"wp:term":[{"taxonomy":"category","embeddable":true,"href":"https:\/\/www.oparanews.com.br\/index.php\/wp-json\/wp\/v2\/categories?post=16250"},{"taxonomy":"post_tag","embeddable":true,"href":"https:\/\/www.oparanews.com.br\/index.php\/wp-json\/wp\/v2\/tags?post=16250"}],"curies":[{"name":"wp","href":"https:\/\/api.w.org\/{rel}","templated":true}]}}