{"id":16256,"date":"2021-06-03T15:18:51","date_gmt":"2021-06-03T15:18:51","guid":{"rendered":"https:\/\/oparanews.com.br\/?p=16256"},"modified":"2021-06-03T15:18:51","modified_gmt":"2021-06-03T15:18:51","slug":"conmebol-divulga-tabela-da-copa-america","status":"publish","type":"post","link":"https:\/\/www.oparanews.com.br\/index.php\/2021\/06\/03\/conmebol-divulga-tabela-da-copa-america\/","title":{"rendered":"Conmebol divulga tabela da Copa Am\u00e9rica"},"content":{"rendered":"<p>A Confedera\u00e7\u00e3o Sul-Americana de Futebol (Conmebol) divulgou na quarta-feira (2) \u00e0 noite os hor\u00e1rios e locais onde ser\u00e3o disputados os jogos da Copa Am\u00e9rica de 2021, transferida para o Brasil. A estreia da sele\u00e7\u00e3o comandada pelo t\u00e9cnico Tite ser\u00e1 no pr\u00f3ximo dia 13 de junho, um domingo, \u00e0s 18h (hor\u00e1rio de Bras\u00edlia), contra a Venezuela, no Man\u00e9 Garrincha, em Bras\u00edlia.<\/p>\n<p>O formato da competi\u00e7\u00e3o n\u00e3o foi alterado. As dez sele\u00e7\u00f5es do continente est\u00e3o divididas em dois grupos com cinco times em cada. Os quatro primeiros se classificam \u00e0s quartas de final. O Brasil est\u00e1 no Grupo B. Al\u00e9m da Venezuela, a equipe canarinho ter\u00e1 pela frente Peru (dia 17, \u00e0s 21h, no Nilton Santos, no Rio de Janeiro), Col\u00f4mbia (dia 23, tamb\u00e9m \u00e0s 21h e no Nilton Santos) e Equador (dia 27, \u00e0s 18h, no est\u00e1dio Ol\u00edmpico de Goi\u00e2nia). Os brasileiros s\u00f3 n\u00e3o atuar\u00e3o na Arena Pantanal, em Cuiab\u00e1.<\/p>\n<p>Nas quartas de final, caso avance em primeiro lugar, o Brasil encara o quarto colocado do Grupo B (Argentina, Bol\u00edvia, Chile, Paraguai e Uruguai) \u00e0s 22h do dia 3 de julho, em Goi\u00e2nia. Se passar em segundo, atua no mesmo dia, no Man\u00e9 Garrincha, mas \u00e0s 19h, contra o terceiro da outra chave.<\/p>\n<p>Classificando-se em terceiro no Grupo A, os brasileiros ter\u00e3o pela frente o segundo melhor time do Grupo B no dia 2 de julho, \u00e0s 18h, no Ol\u00edmpico de Goi\u00e2nia. Caso s\u00f3 consiga a quarta vaga da chave, a sele\u00e7\u00e3o de Tite joga no Nilton Santos, \u00e0s 21h, contra o l\u00edder do outro grupo, tamb\u00e9m no dia 2.<\/p>\n<p>As semifinais est\u00e3o previstas para os dias 5 (20h, no Nilton Santos) e 6 (22h, no Man\u00e9 Garrincha) de julho. A disputa do terceiro lugar est\u00e1 marcada para 9 de julho, \u00e0s 21h, em Bras\u00edlia. A final da Copa Am\u00e9rica ser\u00e1 em 10 de julho, \u00e0s 21h, no Maracan\u00e3, no Rio de Janeiro.<\/p>\n<p>&nbsp;<\/p>\n<p><strong>Fonte: Ag\u00eancia Brasil<\/strong><\/p>\n<p>&nbsp;<\/p>\n","protected":false},"excerpt":{"rendered":"<p>A Confedera\u00e7\u00e3o Sul-Americana de Futebol (Conmebol) divulgou na quarta-feira (2) \u00e0 noite os hor\u00e1rios e locais onde ser\u00e3o disputados os jogos da Copa Am\u00e9rica de 2021, transferida para o Brasil. A estreia da sele\u00e7\u00e3o comandada pelo t\u00e9cnico Tite ser\u00e1 no pr\u00f3ximo dia 13 de junho, um domingo, \u00e0s 18h (hor\u00e1rio de Bras\u00edlia), contra a Venezuela, &hellip;<\/p>\n","protected":false},"author":1,"featured_media":16257,"comment_status":"closed","ping_status":"closed","sticky":false,"template":"","format":"standard","meta":{"_jetpack_newsletter_access":"","_jetpack_dont_email_post_to_subs":false,"_jetpack_newsletter_tier_id":0,"_jetpack_memberships_contains_paywalled_content":false,"_jetpack_memberships_contains_paid_content":false,"footnotes":""},"categories":[1],"tags":[],"class_list":["post-16256","post","type-post","status-publish","format-standard","has-post-thumbnail","hentry","category-destaque"],"jetpack_sharing_enabled":true,"jetpack_featured_media_url":"","_links":{"self":[{"href":"https:\/\/www.oparanews.com.br\/index.php\/wp-json\/wp\/v2\/posts\/16256","targetHints":{"allow":["GET"]}}],"collection":[{"href":"https:\/\/www.oparanews.com.br\/index.php\/wp-json\/wp\/v2\/posts"}],"about":[{"href":"https:\/\/www.oparanews.com.br\/index.php\/wp-json\/wp\/v2\/types\/post"}],"author":[{"embeddable":true,"href":"https:\/\/www.oparanews.com.br\/index.php\/wp-json\/wp\/v2\/users\/1"}],"replies":[{"embeddable":true,"href":"https:\/\/www.oparanews.com.br\/index.php\/wp-json\/wp\/v2\/comments?post=16256"}],"version-history":[{"count":0,"href":"https:\/\/www.oparanews.com.br\/index.php\/wp-json\/wp\/v2\/posts\/16256\/revisions"}],"wp:attachment":[{"href":"https:\/\/www.oparanews.com.br\/index.php\/wp-json\/wp\/v2\/media?parent=16256"}],"wp:term":[{"taxonomy":"category","embeddable":true,"href":"https:\/\/www.oparanews.com.br\/index.php\/wp-json\/wp\/v2\/categories?post=16256"},{"taxonomy":"post_tag","embeddable":true,"href":"https:\/\/www.oparanews.com.br\/index.php\/wp-json\/wp\/v2\/tags?post=16256"}],"curies":[{"name":"wp","href":"https:\/\/api.w.org\/{rel}","templated":true}]}}