{"id":16259,"date":"2021-06-03T15:20:49","date_gmt":"2021-06-03T15:20:49","guid":{"rendered":"https:\/\/oparanews.com.br\/?p=16259"},"modified":"2021-06-03T15:20:49","modified_gmt":"2021-06-03T15:20:49","slug":"fatima-posta-apos-se-vacinar-emocionada","status":"publish","type":"post","link":"https:\/\/www.oparanews.com.br\/index.php\/2021\/06\/03\/fatima-posta-apos-se-vacinar-emocionada\/","title":{"rendered":"F\u00e1tima posta ap\u00f3s se vacinar: &#8216;Emocionada&#8217;"},"content":{"rendered":"<p>Chegou a vez de F\u00e1tima Bernardes receber sua dose de vacina contra a Covid-19. No Instagram, a apresentadora do Encontro registrou a ida ao posto de sa\u00fade e revelou, antes de sair de casa, que estava ansiosa por este momento.<\/p>\n<p>&#8220;Hoje estou de folga do Encontro, mas acordei cedinho como sempre, porque tenho um compromisso agora de manh\u00e3 muito importante. Tirou praticamente o meu sono, de t\u00e3o ansiosa que fiquei durante toda essa noite. Conto j\u00e1 j\u00e1&#8221;, disse ela, antes de sair.<\/p>\n<p>Posteriormente, ela registrou a chegada no posto de sa\u00fade e mostrou seu look para o grande dia: Uma camiseta com os dizeres: &#8220;Vacina sim&#8221;. A apresentadora tamb\u00e9m postou foto ao lado do balc\u00e3o onde receber\u00e1 o imunizante: &#8220;S\u00f3 esperando a minha vez&#8221;, disse.<\/p>\n<p>Quando recebeu a vacina, F\u00e1tima se emocionou: &#8220;Viva a ci\u00eancia, viva o SUS, viva todos os profissionais de sa\u00fade que est\u00e3o na linha de frente. Meu abra\u00e7o carinhoso a todas as fam\u00edlias que perderam os seus entes queridos, que n\u00e3o tiveram essa chance que estou tendo agora. Estou muito emocionada&#8221;, concluiu.<\/p>\n<p>Na legenda de seu post no Instagram, refor\u00e7ou sua empatia pelas fam\u00edlias que perderam parentes para a Covid-19. &#8220;Que alegria e ao mesmo tempo que dor por tantos brasileiros que n\u00e3o tiveram essa mesma chance que eu. Tomei a AstraZeneca. Vou continuar com os mesmos cuidados de sempre e esperar pela segunda dose. #vivaosus #vivaaciencia&#8221;<\/p>\n<p>F\u00e1tima tamb\u00e9m posou com o namorado, T\u00falio Gad\u00ealha, logo ap\u00f3s tomar a vacina. &#8220;Juntos em mais esse momento importante das nossas vidas&#8221;.<\/p>\n<p>&nbsp;<\/p>\n<p><strong>Fonte: Quem<\/strong><\/p>\n<p>&nbsp;<\/p>\n","protected":false},"excerpt":{"rendered":"<p>Chegou a vez de F\u00e1tima Bernardes receber sua dose de vacina contra a Covid-19. No Instagram, a apresentadora do Encontro registrou a ida ao posto de sa\u00fade e revelou, antes de sair de casa, que estava ansiosa por este momento. &#8220;Hoje estou de folga do Encontro, mas acordei cedinho como sempre, porque tenho um compromisso &hellip;<\/p>\n","protected":false},"author":1,"featured_media":16260,"comment_status":"closed","ping_status":"closed","sticky":false,"template":"","format":"standard","meta":{"_jetpack_newsletter_access":"","_jetpack_dont_email_post_to_subs":false,"_jetpack_newsletter_tier_id":0,"_jetpack_memberships_contains_paywalled_content":false,"_jetpack_memberships_contains_paid_content":false,"footnotes":""},"categories":[1],"tags":[],"class_list":["post-16259","post","type-post","status-publish","format-standard","has-post-thumbnail","hentry","category-destaque"],"jetpack_sharing_enabled":true,"jetpack_featured_media_url":"","_links":{"self":[{"href":"https:\/\/www.oparanews.com.br\/index.php\/wp-json\/wp\/v2\/posts\/16259","targetHints":{"allow":["GET"]}}],"collection":[{"href":"https:\/\/www.oparanews.com.br\/index.php\/wp-json\/wp\/v2\/posts"}],"about":[{"href":"https:\/\/www.oparanews.com.br\/index.php\/wp-json\/wp\/v2\/types\/post"}],"author":[{"embeddable":true,"href":"https:\/\/www.oparanews.com.br\/index.php\/wp-json\/wp\/v2\/users\/1"}],"replies":[{"embeddable":true,"href":"https:\/\/www.oparanews.com.br\/index.php\/wp-json\/wp\/v2\/comments?post=16259"}],"version-history":[{"count":0,"href":"https:\/\/www.oparanews.com.br\/index.php\/wp-json\/wp\/v2\/posts\/16259\/revisions"}],"wp:attachment":[{"href":"https:\/\/www.oparanews.com.br\/index.php\/wp-json\/wp\/v2\/media?parent=16259"}],"wp:term":[{"taxonomy":"category","embeddable":true,"href":"https:\/\/www.oparanews.com.br\/index.php\/wp-json\/wp\/v2\/categories?post=16259"},{"taxonomy":"post_tag","embeddable":true,"href":"https:\/\/www.oparanews.com.br\/index.php\/wp-json\/wp\/v2\/tags?post=16259"}],"curies":[{"name":"wp","href":"https:\/\/api.w.org\/{rel}","templated":true}]}}