{"id":16262,"date":"2021-06-03T15:28:47","date_gmt":"2021-06-03T15:28:47","guid":{"rendered":"https:\/\/oparanews.com.br\/?p=16262"},"modified":"2021-06-03T15:28:47","modified_gmt":"2021-06-03T15:28:47","slug":"arrascaeta-do-fla-esta-com-covid-e-se-isolara-por-10-dias","status":"publish","type":"post","link":"https:\/\/www.oparanews.com.br\/index.php\/2021\/06\/03\/arrascaeta-do-fla-esta-com-covid-e-se-isolara-por-10-dias\/","title":{"rendered":"Arrascaeta, do Fla, est\u00e1 com Covid e se isolar\u00e1 por 10 dias"},"content":{"rendered":"<p>Um novo teste de Covid-19 deu resultado positivo para o meia Arrascaeta, do Flamengo. O jogador est\u00e1 no Uruguai, uma vez que havia sido convocado pela sele\u00e7\u00e3o de seu pa\u00eds para a disputa das eliminat\u00f3rias, e seguir\u00e1 em quarentena por 10 dias. A informa\u00e7\u00e3o foi divulgada pelo site &#8220;Goal&#8221; e confirmada pelo ge.<\/p>\n<p>Arrascaeta j\u00e1 havia testado positivo em exame realizado na ter\u00e7a-feira. Entretanto, como seus exames deram negativo anteriormente, os departamentos m\u00e9dicos do Uruguai e do Flamengo trocaram informa\u00e7\u00f5es e desconfiavam de um falso positivo. No novo teste, por\u00e9m, foi confirmado o diagn\u00f3stico.<\/p>\n<p>O meia uruguaio est\u00e1 em um hotel espec\u00edfico para cumprir a quarentena. Sua programa\u00e7\u00e3o ap\u00f3s o per\u00edodo ainda n\u00e3o est\u00e1 definida.<\/p>\n<p>Esta \u00e9 a primeira vez que Arrascaeta tem um teste PCR positivo e contrai o coronav\u00edrus. O jogador j\u00e1 apresentava IGG no organismo, o que os departamentos m\u00e9dicos que cuidam do jogador cogitam como uma rea\u00e7\u00e3o cruzada.<\/p>\n<p>&nbsp;<\/p>\n<p><strong>Fonte: GE<\/strong><\/p>\n<p>&nbsp;<\/p>\n","protected":false},"excerpt":{"rendered":"<p>Um novo teste de Covid-19 deu resultado positivo para o meia Arrascaeta, do Flamengo. O jogador est\u00e1 no Uruguai, uma vez que havia sido convocado pela sele\u00e7\u00e3o de seu pa\u00eds para a disputa das eliminat\u00f3rias, e seguir\u00e1 em quarentena por 10 dias. A informa\u00e7\u00e3o foi divulgada pelo site &#8220;Goal&#8221; e confirmada pelo ge. Arrascaeta j\u00e1 &hellip;<\/p>\n","protected":false},"author":1,"featured_media":16263,"comment_status":"closed","ping_status":"closed","sticky":false,"template":"","format":"standard","meta":{"_jetpack_newsletter_access":"","_jetpack_dont_email_post_to_subs":false,"_jetpack_newsletter_tier_id":0,"_jetpack_memberships_contains_paywalled_content":false,"_jetpack_memberships_contains_paid_content":false,"footnotes":""},"categories":[1],"tags":[],"class_list":["post-16262","post","type-post","status-publish","format-standard","has-post-thumbnail","hentry","category-destaque"],"jetpack_sharing_enabled":true,"jetpack_featured_media_url":"","_links":{"self":[{"href":"https:\/\/www.oparanews.com.br\/index.php\/wp-json\/wp\/v2\/posts\/16262","targetHints":{"allow":["GET"]}}],"collection":[{"href":"https:\/\/www.oparanews.com.br\/index.php\/wp-json\/wp\/v2\/posts"}],"about":[{"href":"https:\/\/www.oparanews.com.br\/index.php\/wp-json\/wp\/v2\/types\/post"}],"author":[{"embeddable":true,"href":"https:\/\/www.oparanews.com.br\/index.php\/wp-json\/wp\/v2\/users\/1"}],"replies":[{"embeddable":true,"href":"https:\/\/www.oparanews.com.br\/index.php\/wp-json\/wp\/v2\/comments?post=16262"}],"version-history":[{"count":0,"href":"https:\/\/www.oparanews.com.br\/index.php\/wp-json\/wp\/v2\/posts\/16262\/revisions"}],"wp:attachment":[{"href":"https:\/\/www.oparanews.com.br\/index.php\/wp-json\/wp\/v2\/media?parent=16262"}],"wp:term":[{"taxonomy":"category","embeddable":true,"href":"https:\/\/www.oparanews.com.br\/index.php\/wp-json\/wp\/v2\/categories?post=16262"},{"taxonomy":"post_tag","embeddable":true,"href":"https:\/\/www.oparanews.com.br\/index.php\/wp-json\/wp\/v2\/tags?post=16262"}],"curies":[{"name":"wp","href":"https:\/\/api.w.org\/{rel}","templated":true}]}}