{"id":16268,"date":"2021-06-03T15:49:47","date_gmt":"2021-06-03T15:49:47","guid":{"rendered":"https:\/\/oparanews.com.br\/?p=16268"},"modified":"2021-06-03T15:49:47","modified_gmt":"2021-06-03T15:49:47","slug":"faf-faz-doacao-de-bolas-para-o-sport-club-penedense","status":"publish","type":"post","link":"https:\/\/www.oparanews.com.br\/index.php\/2021\/06\/03\/faf-faz-doacao-de-bolas-para-o-sport-club-penedense\/","title":{"rendered":"FAF faz doa\u00e7\u00e3o de bolas para o Sport Club Penedense"},"content":{"rendered":"<p>Na manh\u00e3 de hoje, 03 de Junho o Vice Presidente do Sport Club Penedense, Aerton Reis, esteve na sede da FAF, Federa\u00e7\u00e3o Alagoana de Futebol para receber uma doa\u00e7\u00e3o de bolas oficiais feita pela entidade. O Presidente do Penedense, Daniel Pereira recebeu a demanda da comiss\u00e3o t\u00e9cnica das categorias de base do clube no sentido de conseguir as bolas para um melhor aproveitamento nos treinos e segundo o t\u00e9cnico Emanoel F\u00e1bio, o Gordiola, as bolas s\u00e3o extremamente importantes e fundamentais para maior efici\u00eancia no setor ofensivo das equipes da base, sub 17 e sub 20 que ir\u00e3o disputar as competi\u00e7\u00f5es da FAF em 2021.<\/p>\n<p>Em um v\u00eddeo publicado nas redes sociais, o vice presidente Aerton agradeceu a ajuda do presidente da FAF, Felipe Feij\u00f3, ao presidente do Penedense Daniel Pereira e ao diretor da federa\u00e7\u00e3o Roberto que fez a entrega do material. Roberto afirmou que a FAF estar\u00e1 sempre a disposi\u00e7\u00e3o do Sport Club Penedense e esperam ver o clube mais antigo de Alagoas de volta a ser destaque no cen\u00e1rio estadual e revelando talentos.<\/p>\n<div style=\"width: 480px;\" class=\"wp-video\"><video class=\"wp-video-shortcode\" id=\"video-16268-1\" width=\"480\" height=\"848\" preload=\"metadata\" controls=\"controls\"><source type=\"video\/mp4\" src=\"https:\/\/oparanews.com.br\/wp-content\/uploads\/2021\/06\/VID-20210603-WA0017.mp4?_=1\" \/><a href=\"https:\/\/oparanews.com.br\/wp-content\/uploads\/2021\/06\/VID-20210603-WA0017.mp4\">https:\/\/oparanews.com.br\/wp-content\/uploads\/2021\/06\/VID-20210603-WA0017.mp4<\/a><\/video><\/div>\n<p>Aerton acrescentou que o projeto do Penedense \u00e9 maior, n\u00e3o s\u00f3 voltar a ser destaque no cen\u00e1rio estadual, mas ir al\u00e9m, voltar a primeira divis\u00e3o e galgar maiores passos, incluindo conquistar uma vaga para o Brasileir\u00e3o e Copa do Brasil.<\/p>\n<p>&nbsp;<\/p>\n<p><strong>Fonte: Assessoria<\/strong><\/p>\n<p>&nbsp;<\/p>\n","protected":false},"excerpt":{"rendered":"<p>Na manh\u00e3 de hoje, 03 de Junho o Vice Presidente do Sport Club Penedense, Aerton Reis, esteve na sede da FAF, Federa\u00e7\u00e3o Alagoana de Futebol para receber uma doa\u00e7\u00e3o de bolas oficiais feita pela entidade. O Presidente do Penedense, Daniel Pereira recebeu a demanda da comiss\u00e3o t\u00e9cnica das categorias de base do clube no sentido &hellip;<\/p>\n","protected":false},"author":1,"featured_media":16270,"comment_status":"closed","ping_status":"closed","sticky":false,"template":"","format":"standard","meta":{"_jetpack_newsletter_access":"","_jetpack_dont_email_post_to_subs":false,"_jetpack_newsletter_tier_id":0,"_jetpack_memberships_contains_paywalled_content":false,"_jetpack_memberships_contains_paid_content":false,"footnotes":""},"categories":[1],"tags":[],"class_list":["post-16268","post","type-post","status-publish","format-standard","has-post-thumbnail","hentry","category-destaque"],"jetpack_sharing_enabled":true,"jetpack_featured_media_url":"","_links":{"self":[{"href":"https:\/\/www.oparanews.com.br\/index.php\/wp-json\/wp\/v2\/posts\/16268","targetHints":{"allow":["GET"]}}],"collection":[{"href":"https:\/\/www.oparanews.com.br\/index.php\/wp-json\/wp\/v2\/posts"}],"about":[{"href":"https:\/\/www.oparanews.com.br\/index.php\/wp-json\/wp\/v2\/types\/post"}],"author":[{"embeddable":true,"href":"https:\/\/www.oparanews.com.br\/index.php\/wp-json\/wp\/v2\/users\/1"}],"replies":[{"embeddable":true,"href":"https:\/\/www.oparanews.com.br\/index.php\/wp-json\/wp\/v2\/comments?post=16268"}],"version-history":[{"count":0,"href":"https:\/\/www.oparanews.com.br\/index.php\/wp-json\/wp\/v2\/posts\/16268\/revisions"}],"wp:attachment":[{"href":"https:\/\/www.oparanews.com.br\/index.php\/wp-json\/wp\/v2\/media?parent=16268"}],"wp:term":[{"taxonomy":"category","embeddable":true,"href":"https:\/\/www.oparanews.com.br\/index.php\/wp-json\/wp\/v2\/categories?post=16268"},{"taxonomy":"post_tag","embeddable":true,"href":"https:\/\/www.oparanews.com.br\/index.php\/wp-json\/wp\/v2\/tags?post=16268"}],"curies":[{"name":"wp","href":"https:\/\/api.w.org\/{rel}","templated":true}]}}