{"id":16276,"date":"2021-06-03T15:55:38","date_gmt":"2021-06-03T15:55:38","guid":{"rendered":"https:\/\/oparanews.com.br\/?p=16276"},"modified":"2021-06-03T15:55:38","modified_gmt":"2021-06-03T15:55:38","slug":"federacao-alagoana-de-futebol-abre-inscricoes-de-clubes-para-o-alagoano-sub-23-2021","status":"publish","type":"post","link":"https:\/\/www.oparanews.com.br\/index.php\/2021\/06\/03\/federacao-alagoana-de-futebol-abre-inscricoes-de-clubes-para-o-alagoano-sub-23-2021\/","title":{"rendered":"FAF abre inscri\u00e7\u00f5es de clubes para o Alagoano Sub-23"},"content":{"rendered":"<p>Est\u00e3o abertas a partir desta ter\u00e7a-feira (01) as incri\u00e7\u00f5es de clubes para a disputa do Campeonato Alagoano Sub-23 2021 (2\u00aa Divis\u00e3o). As equipes interessadas devem encaminhar of\u00edcio para a Federa\u00e7\u00e3o Alagoana de Futebol at\u00e9 30 de junho.<\/p>\n<p>Na programa\u00e7\u00e3o original do calend\u00e1rio de competi\u00e7\u00f5es da FAF para 2021, o campeonato est\u00e1 prevista para ter in\u00edcio no m\u00eas de setembro.<\/p>\n<p>O clube dever\u00e1 estar com situa\u00e7\u00e3o regular junto \u00e0 FAF e CBF em rela\u00e7\u00e3o \u00e0s anuidades, al\u00e9m de ser indispens\u00e1vel a indica\u00e7\u00e3o do est\u00e1dio em que ser\u00e1 mandante nos jogos da competi\u00e7\u00e3o, sendo a autoriza\u00e7\u00e3o para uso de forma oficial por parte do propriet\u00e1rio ou administrador.<\/p>\n<p>Cabe ao clube apresentar no ato da inscri\u00e7\u00e3o, os laudos t\u00e9cnicos, dentro da validade, referente \u00e0s pra\u00e7as esportivas, exig\u00eancia disposta no Estatuto do Torcedor, com disciplina prevista na Portaria 290\/2015 do Minist\u00e9rio dos Esportes, ou o protocolo de solicita\u00e7\u00e3o de vistoria junto aos \u00f3rg\u00e3os competentes, de acordo com o que se segue:<\/p>\n<p>&#8211; <strong>Laudo de Vist\u00f3ria de Engenharia, Acessibilidade e Conforto ou protocolo de solicita\u00e7\u00e3o de projeto junto \u00e0 profissional registrado no CREA\/AL.<\/strong><\/p>\n<p><strong>&#8211; Laudo de Preven\u00e7\u00e3o e Combate a Inc\u00eandio e P\u00e2nico ou protocolo de solicita\u00e7\u00e3o de vistoria junto ao Corpo de Bombeiros Militar\/AL.<\/strong><\/p>\n<p><strong>&#8211; Laudo de Seguran\u00e7a ou protocolo de solicita\u00e7\u00e3o de vistoria junto \u00e0 Pol\u00edcia Militar\/AL.<\/strong><\/p>\n<p><strong>&#8211; Laudo de Condo\u00e7\u00f5es Sanit\u00e1rias e de Higiene ou protocolo de solicita\u00e7\u00e3o de vistoria junto ao \u00f3rg\u00e3o de Vigil\u00e2ncia Sanit\u00e1ria Municipal.<\/strong><\/p>\n","protected":false},"excerpt":{"rendered":"<p>Est\u00e3o abertas a partir desta ter\u00e7a-feira (01) as incri\u00e7\u00f5es de clubes para a disputa do Campeonato Alagoano Sub-23 2021 (2\u00aa Divis\u00e3o). As equipes interessadas devem encaminhar of\u00edcio para a Federa\u00e7\u00e3o Alagoana de Futebol at\u00e9 30 de junho. Na programa\u00e7\u00e3o original do calend\u00e1rio de competi\u00e7\u00f5es da FAF para 2021, o campeonato est\u00e1 prevista para ter in\u00edcio &hellip;<\/p>\n","protected":false},"author":1,"featured_media":2628,"comment_status":"closed","ping_status":"closed","sticky":false,"template":"","format":"standard","meta":{"_jetpack_newsletter_access":"","_jetpack_dont_email_post_to_subs":false,"_jetpack_newsletter_tier_id":0,"_jetpack_memberships_contains_paywalled_content":false,"_jetpack_memberships_contains_paid_content":false,"footnotes":""},"categories":[1],"tags":[],"class_list":["post-16276","post","type-post","status-publish","format-standard","has-post-thumbnail","hentry","category-destaque"],"jetpack_sharing_enabled":true,"jetpack_featured_media_url":"","_links":{"self":[{"href":"https:\/\/www.oparanews.com.br\/index.php\/wp-json\/wp\/v2\/posts\/16276","targetHints":{"allow":["GET"]}}],"collection":[{"href":"https:\/\/www.oparanews.com.br\/index.php\/wp-json\/wp\/v2\/posts"}],"about":[{"href":"https:\/\/www.oparanews.com.br\/index.php\/wp-json\/wp\/v2\/types\/post"}],"author":[{"embeddable":true,"href":"https:\/\/www.oparanews.com.br\/index.php\/wp-json\/wp\/v2\/users\/1"}],"replies":[{"embeddable":true,"href":"https:\/\/www.oparanews.com.br\/index.php\/wp-json\/wp\/v2\/comments?post=16276"}],"version-history":[{"count":0,"href":"https:\/\/www.oparanews.com.br\/index.php\/wp-json\/wp\/v2\/posts\/16276\/revisions"}],"wp:attachment":[{"href":"https:\/\/www.oparanews.com.br\/index.php\/wp-json\/wp\/v2\/media?parent=16276"}],"wp:term":[{"taxonomy":"category","embeddable":true,"href":"https:\/\/www.oparanews.com.br\/index.php\/wp-json\/wp\/v2\/categories?post=16276"},{"taxonomy":"post_tag","embeddable":true,"href":"https:\/\/www.oparanews.com.br\/index.php\/wp-json\/wp\/v2\/tags?post=16276"}],"curies":[{"name":"wp","href":"https:\/\/api.w.org\/{rel}","templated":true}]}}