{"id":16279,"date":"2021-06-03T19:08:57","date_gmt":"2021-06-03T19:08:57","guid":{"rendered":"https:\/\/oparanews.com.br\/?p=16279"},"modified":"2021-06-03T19:08:57","modified_gmt":"2021-06-03T19:08:57","slug":"mulher-de-31-anos-morre-de-covid-19-em-penedo","status":"publish","type":"post","link":"https:\/\/www.oparanews.com.br\/index.php\/2021\/06\/03\/mulher-de-31-anos-morre-de-covid-19-em-penedo\/","title":{"rendered":"Mulher de 31 anos morre de Covid-19 em Penedo"},"content":{"rendered":"<p>Uma mulher de 31 anos, com comorbidade (obesidade), faleceu v\u00edtima de Covid-19 em Penedo. A informa\u00e7\u00e3o foi de divulgada atrav\u00e9s do boletim epidemiol\u00f3gico do Estado de Alagoas desta quinta-feira, 03.<\/p>\n<p>Com mais essa morte, Penedo registra 62 \u00f3bitos por Covid-19 desde o in\u00edcio da Pandemia (mar\u00e7o de 2020).<\/p>\n<p>Os casos confirmados em Penedo ainda est\u00e1 em um patamar muito elevado. O n\u00famero de casos ativos da doen\u00e7a no munic\u00edpio ribeirinho est\u00e1 em 356.<\/p>\n<p>&nbsp;<\/p>\n<p><strong>por Reda\u00e7\u00e3o<\/strong><\/p>\n<p>&nbsp;<\/p>\n","protected":false},"excerpt":{"rendered":"<p>Uma mulher de 31 anos, com comorbidade (obesidade), faleceu v\u00edtima de Covid-19 em Penedo. A informa\u00e7\u00e3o foi de divulgada atrav\u00e9s do boletim epidemiol\u00f3gico do Estado de Alagoas desta quinta-feira, 03. Com mais essa morte, Penedo registra 62 \u00f3bitos por Covid-19 desde o in\u00edcio da Pandemia (mar\u00e7o de 2020). Os casos confirmados em Penedo ainda est\u00e1 &hellip;<\/p>\n","protected":false},"author":1,"featured_media":16280,"comment_status":"closed","ping_status":"closed","sticky":false,"template":"","format":"standard","meta":{"_jetpack_newsletter_access":"","_jetpack_dont_email_post_to_subs":false,"_jetpack_newsletter_tier_id":0,"_jetpack_memberships_contains_paywalled_content":false,"_jetpack_memberships_contains_paid_content":false,"footnotes":""},"categories":[1],"tags":[],"class_list":["post-16279","post","type-post","status-publish","format-standard","has-post-thumbnail","hentry","category-destaque"],"jetpack_sharing_enabled":true,"jetpack_featured_media_url":"","_links":{"self":[{"href":"https:\/\/www.oparanews.com.br\/index.php\/wp-json\/wp\/v2\/posts\/16279","targetHints":{"allow":["GET"]}}],"collection":[{"href":"https:\/\/www.oparanews.com.br\/index.php\/wp-json\/wp\/v2\/posts"}],"about":[{"href":"https:\/\/www.oparanews.com.br\/index.php\/wp-json\/wp\/v2\/types\/post"}],"author":[{"embeddable":true,"href":"https:\/\/www.oparanews.com.br\/index.php\/wp-json\/wp\/v2\/users\/1"}],"replies":[{"embeddable":true,"href":"https:\/\/www.oparanews.com.br\/index.php\/wp-json\/wp\/v2\/comments?post=16279"}],"version-history":[{"count":0,"href":"https:\/\/www.oparanews.com.br\/index.php\/wp-json\/wp\/v2\/posts\/16279\/revisions"}],"wp:attachment":[{"href":"https:\/\/www.oparanews.com.br\/index.php\/wp-json\/wp\/v2\/media?parent=16279"}],"wp:term":[{"taxonomy":"category","embeddable":true,"href":"https:\/\/www.oparanews.com.br\/index.php\/wp-json\/wp\/v2\/categories?post=16279"},{"taxonomy":"post_tag","embeddable":true,"href":"https:\/\/www.oparanews.com.br\/index.php\/wp-json\/wp\/v2\/tags?post=16279"}],"curies":[{"name":"wp","href":"https:\/\/api.w.org\/{rel}","templated":true}]}}