{"id":16287,"date":"2021-06-04T14:21:09","date_gmt":"2021-06-04T14:21:09","guid":{"rendered":"https:\/\/oparanews.com.br\/?p=16287"},"modified":"2021-06-04T14:21:09","modified_gmt":"2021-06-04T14:21:09","slug":"asa-ja-conta-com-dois-reforcos-para-a-disputa-da-serie-d","status":"publish","type":"post","link":"https:\/\/www.oparanews.com.br\/index.php\/2021\/06\/04\/asa-ja-conta-com-dois-reforcos-para-a-disputa-da-serie-d\/","title":{"rendered":"ASA j\u00e1 conta com dois refor\u00e7os para a disputa da S\u00e9rie D"},"content":{"rendered":"<p>Em prepara\u00e7\u00e3o para a disputa da S\u00e9rie D, o ASA emplacou duas novas contrata\u00e7\u00f5es para o restante da temporada. Ap\u00f3s anunciar o volante Ol\u00edvio, \u00eddolo do CRB, o Alvinegro acertou com o goleiro Thiago Passos, que \u00e9 Patrocinense.<\/p>\n<p>O arqueiro chegou \u00e0 equipe ap\u00f3s a confirma\u00e7\u00e3o da les\u00e3o de Gide\u00e3o, que defendeu o Fantasma no in\u00edcio de 2020. Ele estava defendendo o Parnayba e j\u00e1 estava firmando o seu retorno \u00e0 equipe arapiraquense, mas o tempo necess\u00e1rio para a contus\u00e3o no joelho acabou acarretando na desist\u00eancia da contrata\u00e7\u00e3o.<\/p>\n<p>Antes de assinar com o Gigante, Thiago Passos acumula passagens, tamb\u00e9m, por Uni\u00e3o Barbarense-SP (2011), Am\u00e9rica-SP (2012), XV de Piracicaba-SP (2013 a 2014), S\u00e3o Caetano-SP (2014 a 2017), Penapolense-SP (2017), Juazeirense-BA (2018), S\u00e3o Bernardo-SP (2018), Rio Claro-SP (2019), Linense-SP (2020) e UNIRB-BA (2020).<\/p>\n<p>J\u00e1 Ol\u00edvio se viu deixado de lado no CRB e acertou a sua ida ao Alvinegro. O volante ficou afastado dos gramados por quatro anos, por conta de uma suspens\u00e3o por doping em 2016, e retornou em dezembro do ano passado. Agora, o jogador chega para assumir grande import\u00e2ncia no setor do meio campo da equipe de Ademir Fonseca.<\/p>\n<p>Mesmo com a disputa do torneio nacional batendo \u00e0 porta, o Fantasma busca se refor\u00e7ar mais ainda. O zagueiro Jan Pieter, que disputou o Alagoano pelo CSE, e o meia Ca\u00edque Vald\u00edvia, querido do torcedor alvinegro, est\u00e3o na mira do Gigante.<\/p>\n<p>&nbsp;<\/p>\n<p><strong>Fonte: Gazetaweb<\/strong><\/p>\n<p>&nbsp;<\/p>\n","protected":false},"excerpt":{"rendered":"<p>Em prepara\u00e7\u00e3o para a disputa da S\u00e9rie D, o ASA emplacou duas novas contrata\u00e7\u00f5es para o restante da temporada. Ap\u00f3s anunciar o volante Ol\u00edvio, \u00eddolo do CRB, o Alvinegro acertou com o goleiro Thiago Passos, que \u00e9 Patrocinense. O arqueiro chegou \u00e0 equipe ap\u00f3s a confirma\u00e7\u00e3o da les\u00e3o de Gide\u00e3o, que defendeu o Fantasma no &hellip;<\/p>\n","protected":false},"author":1,"featured_media":16288,"comment_status":"closed","ping_status":"closed","sticky":false,"template":"","format":"standard","meta":{"_jetpack_newsletter_access":"","_jetpack_dont_email_post_to_subs":false,"_jetpack_newsletter_tier_id":0,"_jetpack_memberships_contains_paywalled_content":false,"_jetpack_memberships_contains_paid_content":false,"footnotes":""},"categories":[1],"tags":[],"class_list":["post-16287","post","type-post","status-publish","format-standard","has-post-thumbnail","hentry","category-destaque"],"jetpack_sharing_enabled":true,"jetpack_featured_media_url":"","_links":{"self":[{"href":"https:\/\/www.oparanews.com.br\/index.php\/wp-json\/wp\/v2\/posts\/16287","targetHints":{"allow":["GET"]}}],"collection":[{"href":"https:\/\/www.oparanews.com.br\/index.php\/wp-json\/wp\/v2\/posts"}],"about":[{"href":"https:\/\/www.oparanews.com.br\/index.php\/wp-json\/wp\/v2\/types\/post"}],"author":[{"embeddable":true,"href":"https:\/\/www.oparanews.com.br\/index.php\/wp-json\/wp\/v2\/users\/1"}],"replies":[{"embeddable":true,"href":"https:\/\/www.oparanews.com.br\/index.php\/wp-json\/wp\/v2\/comments?post=16287"}],"version-history":[{"count":0,"href":"https:\/\/www.oparanews.com.br\/index.php\/wp-json\/wp\/v2\/posts\/16287\/revisions"}],"wp:attachment":[{"href":"https:\/\/www.oparanews.com.br\/index.php\/wp-json\/wp\/v2\/media?parent=16287"}],"wp:term":[{"taxonomy":"category","embeddable":true,"href":"https:\/\/www.oparanews.com.br\/index.php\/wp-json\/wp\/v2\/categories?post=16287"},{"taxonomy":"post_tag","embeddable":true,"href":"https:\/\/www.oparanews.com.br\/index.php\/wp-json\/wp\/v2\/tags?post=16287"}],"curies":[{"name":"wp","href":"https:\/\/api.w.org\/{rel}","templated":true}]}}