{"id":16290,"date":"2021-06-04T14:26:01","date_gmt":"2021-06-04T14:26:01","guid":{"rendered":"https:\/\/oparanews.com.br\/?p=16290"},"modified":"2021-06-04T14:26:01","modified_gmt":"2021-06-04T14:26:01","slug":"crianca-e-socorrida-apos-ser-atropelada-por-caminhao-em-atalaia","status":"publish","type":"post","link":"https:\/\/www.oparanews.com.br\/index.php\/2021\/06\/04\/crianca-e-socorrida-apos-ser-atropelada-por-caminhao-em-atalaia\/","title":{"rendered":"Crian\u00e7a \u00e9 socorrida ap\u00f3s ser atropelada por caminh\u00e3o em Atalaia"},"content":{"rendered":"<p>Uma crian\u00e7a de 11 anos foi atropelada por um caminh\u00e3o nessa quinta-feira (03), feriado de Corpus Christi, no munic\u00edpio de Atalaia, a 48 quil\u00f4metros de Macei\u00f3.<\/p>\n<p>Segundo informa\u00e7\u00f5es do site Alagoas Web, a crian\u00e7a, que segundo testemunhas mora \u00e0s margens da rodovia, no per\u00edmetro urbano da cidade, teria tentado atravessar a pista no instante em que o autom\u00f3vel passava e acabou atingida pelo ve\u00edculo.<\/p>\n<p>A v\u00edtima, uma menina de iniciais A. C. S., apresentou um corte e uma les\u00e3o aparentemente grave no bra\u00e7o direito, al\u00e9m de escoria\u00e7\u00f5es pelo corpo. Ela estaria consciente no momento do socorro m\u00e9dico. N\u00e3o h\u00e1 informa\u00e7\u00f5es sobre o estado do condutor.<\/p>\n<p>Populares disseram que a crian\u00e7a foi atendida pela equipe do Samu e depois transportada pelo servi\u00e7o aerom\u00e9dico at\u00e9 o Hospital Geral do Estado (HGE), na capital alagoana.<\/p>\n<p>O acidente chamou a aten\u00e7\u00e3o da popula\u00e7\u00e3o da cidade, que se mobilizou para proteger a crian\u00e7a do sol com len\u00e7ol e sombrinha, antes da chegada do resgate.<\/p>\n<p><strong>Estado de sa\u00fade<\/strong><\/p>\n<p>O HGE informou na manh\u00e3 de hoje que a paciente est\u00e1 em observa\u00e7\u00e3o na \u00c1rea Vermelha Trauma. Ela sofreu ferimento profundo no bra\u00e7o direito, que foi suturado, e no olho esquerdo, que est\u00e1 arroxeado, mas sem maior gravidade. O quadro de sa\u00fade \u00e9 considerado est\u00e1vel.<\/p>\n<p>A menina tamb\u00e9m se encontra com ferimentos menores, como escoria\u00e7\u00f5es e pancadas, no ombro esquerdo e n\u00e1degas.<\/p>\n<p>A crian\u00e7a realizou tomografia para descartar gravidade e aguarda avalia\u00e7\u00e3o do neurocirurgi\u00e3o para prov\u00e1vel alta.<\/p>\n<p>&nbsp;<\/p>\n<p><strong>Fonte: TNH1 com Alagoas Web<\/strong><\/p>\n<p>&nbsp;<\/p>\n","protected":false},"excerpt":{"rendered":"<p>Uma crian\u00e7a de 11 anos foi atropelada por um caminh\u00e3o nessa quinta-feira (03), feriado de Corpus Christi, no munic\u00edpio de Atalaia, a 48 quil\u00f4metros de Macei\u00f3. Segundo informa\u00e7\u00f5es do site Alagoas Web, a crian\u00e7a, que segundo testemunhas mora \u00e0s margens da rodovia, no per\u00edmetro urbano da cidade, teria tentado atravessar a pista no instante em &hellip;<\/p>\n","protected":false},"author":1,"featured_media":16291,"comment_status":"closed","ping_status":"closed","sticky":false,"template":"","format":"standard","meta":{"_jetpack_newsletter_access":"","_jetpack_dont_email_post_to_subs":false,"_jetpack_newsletter_tier_id":0,"_jetpack_memberships_contains_paywalled_content":false,"_jetpack_memberships_contains_paid_content":false,"footnotes":""},"categories":[1],"tags":[],"class_list":["post-16290","post","type-post","status-publish","format-standard","has-post-thumbnail","hentry","category-destaque"],"jetpack_sharing_enabled":true,"jetpack_featured_media_url":"","_links":{"self":[{"href":"https:\/\/www.oparanews.com.br\/index.php\/wp-json\/wp\/v2\/posts\/16290","targetHints":{"allow":["GET"]}}],"collection":[{"href":"https:\/\/www.oparanews.com.br\/index.php\/wp-json\/wp\/v2\/posts"}],"about":[{"href":"https:\/\/www.oparanews.com.br\/index.php\/wp-json\/wp\/v2\/types\/post"}],"author":[{"embeddable":true,"href":"https:\/\/www.oparanews.com.br\/index.php\/wp-json\/wp\/v2\/users\/1"}],"replies":[{"embeddable":true,"href":"https:\/\/www.oparanews.com.br\/index.php\/wp-json\/wp\/v2\/comments?post=16290"}],"version-history":[{"count":0,"href":"https:\/\/www.oparanews.com.br\/index.php\/wp-json\/wp\/v2\/posts\/16290\/revisions"}],"wp:attachment":[{"href":"https:\/\/www.oparanews.com.br\/index.php\/wp-json\/wp\/v2\/media?parent=16290"}],"wp:term":[{"taxonomy":"category","embeddable":true,"href":"https:\/\/www.oparanews.com.br\/index.php\/wp-json\/wp\/v2\/categories?post=16290"},{"taxonomy":"post_tag","embeddable":true,"href":"https:\/\/www.oparanews.com.br\/index.php\/wp-json\/wp\/v2\/tags?post=16290"}],"curies":[{"name":"wp","href":"https:\/\/api.w.org\/{rel}","templated":true}]}}