{"id":16299,"date":"2021-06-04T14:49:21","date_gmt":"2021-06-04T14:49:21","guid":{"rendered":"https:\/\/oparanews.com.br\/?p=16299"},"modified":"2021-06-04T14:49:21","modified_gmt":"2021-06-04T14:49:21","slug":"zico-recebe-presentes-de-gabigol-apos-feito-na-libertadores","status":"publish","type":"post","link":"https:\/\/www.oparanews.com.br\/index.php\/2021\/06\/04\/zico-recebe-presentes-de-gabigol-apos-feito-na-libertadores\/","title":{"rendered":"Zico recebe presentes de Gabigol ap\u00f3s feito na Libertadores"},"content":{"rendered":"<p>Principal \u00eddolo da gera\u00e7\u00e3o atual do Flamengo e chamado de &#8220;Pr\u00edncipe da Na\u00e7\u00e3o&#8221;, Gabigol fez quest\u00e3o de homenagear o &#8220;Rei&#8221;. Conforme prometido ap\u00f3s fazer hist\u00f3ria e ter se igualado a Zico como maior artilheiro da hist\u00f3ria do clube na Libertadores, na vit\u00f3ria por 3 a 2 sobre a LDU, em maio, o camisa 9 enviou presentes ao Galinho de Quintino, que, do Jap\u00e3o, foi \u00e0s redes sociais compartilhar e agradecer os mimos.<\/p>\n<p>&#8211; Gratid\u00e3o total ao Gabigol pelo presente que recebi aqui no Jap\u00e3o. O trof\u00e9u de melhor jogador na partida contra Liga de Quito na Libertadores e a camisa do jogo com aut\u00f3grafo. Muito obrigado, Gabriel, e que Deus continue aben\u00e7oando a sua carreira, e gol neles &#8211; escreveu Zico.<\/p>\n<p>&#8211; Fala, Zico! Queria agradecer a voc\u00ea pelas palavras de apoio e de carinho. Queria dizer que foi um dia muito especial para mim, chegar na marca do nosso Rei, do nosso \u00eddolo eterno. Vou te enviar o trof\u00e9u e a camisa do jogo. Muito obrigado por tudo &#8211; disse Gabi, no \u00faltimo m\u00eas, logo ap\u00f3s o feito.<\/p>\n<p>Vale lembrar que, atualmente, Gabigol lidera isolado como o principal goleador do Fla na hist\u00f3ria da Libertadores, com 17 gols &#8211; um a mais em rela\u00e7\u00e3o a Zico.<\/p>\n<p>Classificado para as oitavas de final da Libertadores, onde ir\u00e1 encarar o Defensa y Justicia-ARG, o Flamengo foca as aten\u00e7\u00f5es para a Copa do Brasil, j\u00e1 que, na pr\u00f3xima quinta-feira (10), a partir de 21h30, visitar\u00e1 o Coritiba pela ida da terceira fase, no Est\u00e1dio Couto Pereira.<\/p>\n<p>&nbsp;<\/p>\n<p><strong>Fonte: Lance<\/strong><\/p>\n<p>&nbsp;<\/p>\n","protected":false},"excerpt":{"rendered":"<p>Principal \u00eddolo da gera\u00e7\u00e3o atual do Flamengo e chamado de &#8220;Pr\u00edncipe da Na\u00e7\u00e3o&#8221;, Gabigol fez quest\u00e3o de homenagear o &#8220;Rei&#8221;. Conforme prometido ap\u00f3s fazer hist\u00f3ria e ter se igualado a Zico como maior artilheiro da hist\u00f3ria do clube na Libertadores, na vit\u00f3ria por 3 a 2 sobre a LDU, em maio, o camisa 9 enviou &hellip;<\/p>\n","protected":false},"author":1,"featured_media":16300,"comment_status":"closed","ping_status":"closed","sticky":false,"template":"","format":"standard","meta":{"_jetpack_newsletter_access":"","_jetpack_dont_email_post_to_subs":false,"_jetpack_newsletter_tier_id":0,"_jetpack_memberships_contains_paywalled_content":false,"_jetpack_memberships_contains_paid_content":false,"footnotes":""},"categories":[1],"tags":[],"class_list":["post-16299","post","type-post","status-publish","format-standard","has-post-thumbnail","hentry","category-destaque"],"jetpack_sharing_enabled":true,"jetpack_featured_media_url":"","_links":{"self":[{"href":"https:\/\/www.oparanews.com.br\/index.php\/wp-json\/wp\/v2\/posts\/16299","targetHints":{"allow":["GET"]}}],"collection":[{"href":"https:\/\/www.oparanews.com.br\/index.php\/wp-json\/wp\/v2\/posts"}],"about":[{"href":"https:\/\/www.oparanews.com.br\/index.php\/wp-json\/wp\/v2\/types\/post"}],"author":[{"embeddable":true,"href":"https:\/\/www.oparanews.com.br\/index.php\/wp-json\/wp\/v2\/users\/1"}],"replies":[{"embeddable":true,"href":"https:\/\/www.oparanews.com.br\/index.php\/wp-json\/wp\/v2\/comments?post=16299"}],"version-history":[{"count":0,"href":"https:\/\/www.oparanews.com.br\/index.php\/wp-json\/wp\/v2\/posts\/16299\/revisions"}],"wp:attachment":[{"href":"https:\/\/www.oparanews.com.br\/index.php\/wp-json\/wp\/v2\/media?parent=16299"}],"wp:term":[{"taxonomy":"category","embeddable":true,"href":"https:\/\/www.oparanews.com.br\/index.php\/wp-json\/wp\/v2\/categories?post=16299"},{"taxonomy":"post_tag","embeddable":true,"href":"https:\/\/www.oparanews.com.br\/index.php\/wp-json\/wp\/v2\/tags?post=16299"}],"curies":[{"name":"wp","href":"https:\/\/api.w.org\/{rel}","templated":true}]}}