{"id":16302,"date":"2021-06-04T16:33:27","date_gmt":"2021-06-04T16:33:27","guid":{"rendered":"https:\/\/oparanews.com.br\/?p=16302"},"modified":"2021-06-04T16:33:27","modified_gmt":"2021-06-04T16:33:27","slug":"com-93-das-utis-para-covid-19-ocupados-em-alagoas-saude-faz-alerta-a-populacao","status":"publish","type":"post","link":"https:\/\/www.oparanews.com.br\/index.php\/2021\/06\/04\/com-93-das-utis-para-covid-19-ocupados-em-alagoas-saude-faz-alerta-a-populacao\/","title":{"rendered":"Com 93% das UTIs para Covid-19 ocupados em Alagoas, Sa\u00fade faz alerta \u00e0 popula\u00e7\u00e3o"},"content":{"rendered":"<p>O aumento da ocupa\u00e7\u00e3o de leitos exclusivos para tratamento de pessoas com Covid-19 continua preocupante. Novamente, o secret\u00e1rio de Estado da Sa\u00fade, Alexandre Ayres, faz um alerta \u00e0 popula\u00e7\u00e3o alagoana para evitar aglomera\u00e7\u00f5es e sobre a import\u00e2ncia do uso de m\u00e1scaras. As medidas protetivas s\u00e3o importantes para que as pessoas tamb\u00e9m contribuam no enfrentamento \u00e0 pandemia.<\/p>\n<p>\u201cConseguimos estruturar 390 leitos de Unidade de Terapia Intensiva [UTI] e j\u00e1 estamos com 364 pacientes internados e uma ocupa\u00e7\u00e3o de 93% [dados do boletim de 16h de quinta-feira, 03]. N\u00e3o vamos desistir de lutar pela vida dos alagoanos, mas, precisamos de ajuda porque a responsabilidade para combater o v\u00edrus \u00e9 de todos n\u00f3s\u201d, publicou o secret\u00e1rio em sua rede social, em tom de alerta.<\/p>\n<p>Alagoas conta, atualmente, com 1.428 leitos p\u00fablicos exclusivos para Covid-19. S\u00e3o 390 leitos de UTI, que est\u00e3o com ocupa\u00e7\u00e3o de 93%; 57 leitos intermedi\u00e1rios, com 25% de ocupa\u00e7\u00e3o; e 981 leitos cl\u00ednicos, que est\u00e3o com ocupa\u00e7\u00e3o em 59%. O Estado tem um total de 447 leitos com respiradores, somados os de UTI e os leitos intermedi\u00e1rios, e 85% deles est\u00e3o em uso.<\/p>\n<p>&nbsp;<\/p>\n<p><strong>Fonte: Ag\u00eancia Alagoas<\/strong><\/p>\n<p>&nbsp;<\/p>\n","protected":false},"excerpt":{"rendered":"<p>O aumento da ocupa\u00e7\u00e3o de leitos exclusivos para tratamento de pessoas com Covid-19 continua preocupante. Novamente, o secret\u00e1rio de Estado da Sa\u00fade, Alexandre Ayres, faz um alerta \u00e0 popula\u00e7\u00e3o alagoana para evitar aglomera\u00e7\u00f5es e sobre a import\u00e2ncia do uso de m\u00e1scaras. As medidas protetivas s\u00e3o importantes para que as pessoas tamb\u00e9m contribuam no enfrentamento \u00e0 &hellip;<\/p>\n","protected":false},"author":1,"featured_media":16303,"comment_status":"closed","ping_status":"closed","sticky":false,"template":"","format":"standard","meta":{"_jetpack_newsletter_access":"","_jetpack_dont_email_post_to_subs":false,"_jetpack_newsletter_tier_id":0,"_jetpack_memberships_contains_paywalled_content":false,"_jetpack_memberships_contains_paid_content":false,"footnotes":""},"categories":[1],"tags":[],"class_list":["post-16302","post","type-post","status-publish","format-standard","has-post-thumbnail","hentry","category-destaque"],"jetpack_sharing_enabled":true,"jetpack_featured_media_url":"","_links":{"self":[{"href":"https:\/\/www.oparanews.com.br\/index.php\/wp-json\/wp\/v2\/posts\/16302","targetHints":{"allow":["GET"]}}],"collection":[{"href":"https:\/\/www.oparanews.com.br\/index.php\/wp-json\/wp\/v2\/posts"}],"about":[{"href":"https:\/\/www.oparanews.com.br\/index.php\/wp-json\/wp\/v2\/types\/post"}],"author":[{"embeddable":true,"href":"https:\/\/www.oparanews.com.br\/index.php\/wp-json\/wp\/v2\/users\/1"}],"replies":[{"embeddable":true,"href":"https:\/\/www.oparanews.com.br\/index.php\/wp-json\/wp\/v2\/comments?post=16302"}],"version-history":[{"count":0,"href":"https:\/\/www.oparanews.com.br\/index.php\/wp-json\/wp\/v2\/posts\/16302\/revisions"}],"wp:attachment":[{"href":"https:\/\/www.oparanews.com.br\/index.php\/wp-json\/wp\/v2\/media?parent=16302"}],"wp:term":[{"taxonomy":"category","embeddable":true,"href":"https:\/\/www.oparanews.com.br\/index.php\/wp-json\/wp\/v2\/categories?post=16302"},{"taxonomy":"post_tag","embeddable":true,"href":"https:\/\/www.oparanews.com.br\/index.php\/wp-json\/wp\/v2\/tags?post=16302"}],"curies":[{"name":"wp","href":"https:\/\/api.w.org\/{rel}","templated":true}]}}