{"id":16311,"date":"2021-06-04T23:44:05","date_gmt":"2021-06-04T23:44:05","guid":{"rendered":"https:\/\/oparanews.com.br\/?p=16311"},"modified":"2021-06-04T23:44:05","modified_gmt":"2021-06-04T23:44:05","slug":"brasil-vai-receber-3-milhoes-de-doses-da-janssen-em-junho","status":"publish","type":"post","link":"https:\/\/www.oparanews.com.br\/index.php\/2021\/06\/04\/brasil-vai-receber-3-milhoes-de-doses-da-janssen-em-junho\/","title":{"rendered":"Brasil vai receber 3 milh\u00f5es de doses da Janssen em junho"},"content":{"rendered":"<p>O ministro da Sa\u00fade, Marcelo Queiroga, disse nesta sexta-feira que o Brasil conseguiu antecipar junto \u00e0 Janssen, farmac\u00eautica da Johnson &amp; Johnson, o envio ao pa\u00eds de 3 milh\u00f5es de doses do imunizante desenvolvido pela empresa contra a covid-19.<\/p>\n<p>&#8220;Fechamos com a Janssen para trazer mais 3 milh\u00f5es de doses que ser\u00e3o aplicadas agora no m\u00eas de junho&#8221;, disse Queiroga em entrevista ao programa CB.Poder.<\/p>\n<p>O Minist\u00e9rio da Sa\u00fade fechou acordo com a Janssen para a aquisi\u00e7\u00e3o de 38 milh\u00f5es de doses da vacina da empresa, com previs\u00e3o de entrega de 16,9 milh\u00f5es de doses entre julho e setembro e 21,1 milh\u00f5es de outubro a dezembro.<\/p>\n<p>Questionada sobre a declara\u00e7\u00e3o do ministro, a pasta confirmou que se trata de uma antecipa\u00e7\u00e3o da primeira entrega do contrato.<\/p>\n<p>Procurada, a Janssen n\u00e3o tinha uma posi\u00e7\u00e3o de imediato sobre a declara\u00e7\u00e3o de Queiroga.<\/p>\n<p>A vacina da Janssen, que \u00e9 aplicada em dose \u00fanica ao contr\u00e1rio das demais utilizadas no pa\u00eds contra a covid-19, foi aprovada em mar\u00e7o pela Ag\u00eancia Nacional de Vigil\u00e2ncia Sanit\u00e1ria (Anvisa) para uso no pa\u00eds.<\/p>\n<p>At\u00e9 o momento o Brasil conta com tr\u00eas vacinas dispon\u00edveis para imunizar a popula\u00e7\u00e3o contra a covid-19: Oxford\/AstraZeneca, CoronaVac, da chinesa Sinovac, e Pfizer.<\/p>\n<p>O Brasil vacinou at\u00e9 o momento 47,6 milh\u00f5es de pessoas com a primeira dose, o equivalente a 22,6% da popula\u00e7\u00e3o, mas somente 22,7 milh\u00f5es com as duas doses, o que representa 10,8%.<\/p>\n<p>&nbsp;<\/p>\n<p><strong>Fonte: Terra<\/strong><\/p>\n<p>&nbsp;<\/p>\n","protected":false},"excerpt":{"rendered":"<p>O ministro da Sa\u00fade, Marcelo Queiroga, disse nesta sexta-feira que o Brasil conseguiu antecipar junto \u00e0 Janssen, farmac\u00eautica da Johnson &amp; Johnson, o envio ao pa\u00eds de 3 milh\u00f5es de doses do imunizante desenvolvido pela empresa contra a covid-19. &#8220;Fechamos com a Janssen para trazer mais 3 milh\u00f5es de doses que ser\u00e3o aplicadas agora no &hellip;<\/p>\n","protected":false},"author":1,"featured_media":16312,"comment_status":"closed","ping_status":"closed","sticky":false,"template":"","format":"standard","meta":{"_jetpack_newsletter_access":"","_jetpack_dont_email_post_to_subs":false,"_jetpack_newsletter_tier_id":0,"_jetpack_memberships_contains_paywalled_content":false,"_jetpack_memberships_contains_paid_content":false,"footnotes":""},"categories":[1],"tags":[],"class_list":["post-16311","post","type-post","status-publish","format-standard","has-post-thumbnail","hentry","category-destaque"],"jetpack_sharing_enabled":true,"jetpack_featured_media_url":"","_links":{"self":[{"href":"https:\/\/www.oparanews.com.br\/index.php\/wp-json\/wp\/v2\/posts\/16311","targetHints":{"allow":["GET"]}}],"collection":[{"href":"https:\/\/www.oparanews.com.br\/index.php\/wp-json\/wp\/v2\/posts"}],"about":[{"href":"https:\/\/www.oparanews.com.br\/index.php\/wp-json\/wp\/v2\/types\/post"}],"author":[{"embeddable":true,"href":"https:\/\/www.oparanews.com.br\/index.php\/wp-json\/wp\/v2\/users\/1"}],"replies":[{"embeddable":true,"href":"https:\/\/www.oparanews.com.br\/index.php\/wp-json\/wp\/v2\/comments?post=16311"}],"version-history":[{"count":0,"href":"https:\/\/www.oparanews.com.br\/index.php\/wp-json\/wp\/v2\/posts\/16311\/revisions"}],"wp:attachment":[{"href":"https:\/\/www.oparanews.com.br\/index.php\/wp-json\/wp\/v2\/media?parent=16311"}],"wp:term":[{"taxonomy":"category","embeddable":true,"href":"https:\/\/www.oparanews.com.br\/index.php\/wp-json\/wp\/v2\/categories?post=16311"},{"taxonomy":"post_tag","embeddable":true,"href":"https:\/\/www.oparanews.com.br\/index.php\/wp-json\/wp\/v2\/tags?post=16311"}],"curies":[{"name":"wp","href":"https:\/\/api.w.org\/{rel}","templated":true}]}}