{"id":16314,"date":"2021-06-04T23:46:40","date_gmt":"2021-06-04T23:46:40","guid":{"rendered":"https:\/\/oparanews.com.br\/?p=16314"},"modified":"2021-06-04T23:46:40","modified_gmt":"2021-06-04T23:46:40","slug":"missionario-r-r-soares-e-internado-as-pressas-com-covid-19","status":"publish","type":"post","link":"https:\/\/www.oparanews.com.br\/index.php\/2021\/06\/04\/missionario-r-r-soares-e-internado-as-pressas-com-covid-19\/","title":{"rendered":"Mission\u00e1rio R. R. Soares \u00e9 internado \u00e0s pressas com Covid-19"},"content":{"rendered":"<p>Romildo Ribeiro Soares, o mission\u00e1rio R. R. Soares, precisou ser internado \u00e0s pressas no Hospital Copa Star, no Rio de Janeiro. O l\u00edder religioso, de 73 anos de idade, foi hospitalizado em virtude da Covid-19, segundo o colunista Ancelmo G\u00f3is.<\/p>\n<p>Bastante conhecido no meio gospel e com programas di\u00e1rios na TV, o veterano chegou a afirmar em seus cultos acreditar bastante no poder da f\u00e9 para curar as pessoas do coronav\u00edrus. Por essa raz\u00e3o, passou a comercializar \u00e1guas \u201cconsagradas\u201d para o combate \u00e0 doen\u00e7a.<\/p>\n<p>Nas celebra\u00e7\u00f5es religiosas, o mission\u00e1rio tamb\u00e9m veiculou relatos de pessoas que creram no tal l\u00edquido aben\u00e7oado e conseguiram vencer a Covid-19.<\/p>\n<p>Al\u00e9m de ser uma figura de destaque no meio crist\u00e3o, R. R. Soares tamb\u00e9m se tornou um nome importante em meio a integrantes do alto escal\u00e3o que cerca Jair Bolsonaro (sem partido). De acordo com o colunista, Fabio Wajngarten, ex-chefe da Secretaria Especial de Comunica\u00e7\u00e3o do Governo Federal, por exemplo, j\u00e1 afirmou que o veterano era uma \u201cfigura de consulta\u201d.<\/p>\n<p>&nbsp;<\/p>\n<p><strong>Fonte: Terra<\/strong><\/p>\n<p>&nbsp;<\/p>\n","protected":false},"excerpt":{"rendered":"<p>Romildo Ribeiro Soares, o mission\u00e1rio R. R. Soares, precisou ser internado \u00e0s pressas no Hospital Copa Star, no Rio de Janeiro. O l\u00edder religioso, de 73 anos de idade, foi hospitalizado em virtude da Covid-19, segundo o colunista Ancelmo G\u00f3is. Bastante conhecido no meio gospel e com programas di\u00e1rios na TV, o veterano chegou a &hellip;<\/p>\n","protected":false},"author":1,"featured_media":16315,"comment_status":"closed","ping_status":"closed","sticky":false,"template":"","format":"standard","meta":{"_jetpack_newsletter_access":"","_jetpack_dont_email_post_to_subs":false,"_jetpack_newsletter_tier_id":0,"_jetpack_memberships_contains_paywalled_content":false,"_jetpack_memberships_contains_paid_content":false,"footnotes":""},"categories":[1],"tags":[],"class_list":["post-16314","post","type-post","status-publish","format-standard","has-post-thumbnail","hentry","category-destaque"],"jetpack_sharing_enabled":true,"jetpack_featured_media_url":"","_links":{"self":[{"href":"https:\/\/www.oparanews.com.br\/index.php\/wp-json\/wp\/v2\/posts\/16314","targetHints":{"allow":["GET"]}}],"collection":[{"href":"https:\/\/www.oparanews.com.br\/index.php\/wp-json\/wp\/v2\/posts"}],"about":[{"href":"https:\/\/www.oparanews.com.br\/index.php\/wp-json\/wp\/v2\/types\/post"}],"author":[{"embeddable":true,"href":"https:\/\/www.oparanews.com.br\/index.php\/wp-json\/wp\/v2\/users\/1"}],"replies":[{"embeddable":true,"href":"https:\/\/www.oparanews.com.br\/index.php\/wp-json\/wp\/v2\/comments?post=16314"}],"version-history":[{"count":0,"href":"https:\/\/www.oparanews.com.br\/index.php\/wp-json\/wp\/v2\/posts\/16314\/revisions"}],"wp:attachment":[{"href":"https:\/\/www.oparanews.com.br\/index.php\/wp-json\/wp\/v2\/media?parent=16314"}],"wp:term":[{"taxonomy":"category","embeddable":true,"href":"https:\/\/www.oparanews.com.br\/index.php\/wp-json\/wp\/v2\/categories?post=16314"},{"taxonomy":"post_tag","embeddable":true,"href":"https:\/\/www.oparanews.com.br\/index.php\/wp-json\/wp\/v2\/tags?post=16314"}],"curies":[{"name":"wp","href":"https:\/\/api.w.org\/{rel}","templated":true}]}}