{"id":16317,"date":"2021-06-04T23:48:42","date_gmt":"2021-06-04T23:48:42","guid":{"rendered":"https:\/\/oparanews.com.br\/?p=16317"},"modified":"2021-06-04T23:48:42","modified_gmt":"2021-06-04T23:48:42","slug":"presidente-da-cbf-e-denunciado-por-assedio-moral-e-sexual","status":"publish","type":"post","link":"https:\/\/www.oparanews.com.br\/index.php\/2021\/06\/04\/presidente-da-cbf-e-denunciado-por-assedio-moral-e-sexual\/","title":{"rendered":"Presidente da CBF \u00e9 denunciado por ass\u00e9dio moral e sexual"},"content":{"rendered":"<p>O presidente da CBF, Rog\u00e9rio Caboclo, foi denunciado, nesta sexta-feira, por uma funcion\u00e1ria da confedera\u00e7\u00e3o por ass\u00e9dio moral e sexual. De acordo com o portal &#8220;GloboEsporte&#8221;, a acusa\u00e7\u00e3o foi protocolada na Comiss\u00e3o de \u00c9tica da CBF e na Diretoria de Governan\u00e7a e Conformidade. A autora da den\u00fancia relatou os abusos vividos por ela desde abril de 2020, e afirma ter provas dos epis\u00f3dios.<\/p>\n<p>No documento, a funcion\u00e1ria da CBF relata constrangimentos em viagens e reuni\u00f5es com Caboclo na presen\u00e7a de outros diretores da entidade. Ela tamb\u00e9m descreve um epis\u00f3dio em que o presidente perguntou se ela &#8220;se masturbava&#8221; e, em outro momento, tentou for\u00e7\u00e1-la a comer um biscoite de cachorro enquanto a chamava de &#8220;cadela&#8221;.<\/p>\n<p>&#8211; Tenho passado por um momento muito dif\u00edcil nos \u00faltimos dias. Inclusive com tratamento m\u00e9dico. De fato, hoje apresentei uma den\u00fancia ao Comit\u00ea de \u00c9tica do Futebol Brasileiro e \u00e0 Diretoria de Governan\u00e7a e Conformidade, para que medidas administrativas sejam tomadas &#8211; disse a funcion\u00e1ria, que permaneceu an\u00f4nima ao &#8220;GloboEsporte&#8221;.<\/p>\n<p>Ela tamb\u00e9m relata que Caboclo exp\u00f4s sua vida pessoal, criando hist\u00f3rias falsas sobre supostos relacionamentos que a funcion\u00e1ria teve com membros da CBF. O presidente tamb\u00e9m foi acusado de ter cometido estes abusos enquanto estava sob efeito de bebidas alco\u00f3licas que ele pedia para que ela escondesse em &#8220;lugares combinados&#8221; para consumo durante o expediente.<\/p>\n<p>O caso j\u00e1 era de conhecimento de membros da CBF, desde que a funcion\u00e1ria se licenciou por motivos de sa\u00fade e esperava-se uma den\u00fancia contra Rog\u00e9rio Caboclo. Caso o presidente seja derrubado, a confedera\u00e7\u00e3o realizar\u00e1 uma elei\u00e7\u00e3o entre os oito vices para decidir que continuar\u00e1 no comando da entidade at\u00e9 2023.<\/p>\n<p>&nbsp;<\/p>\n<p><strong>Fonte: Lance<\/strong><\/p>\n<p>&nbsp;<\/p>\n","protected":false},"excerpt":{"rendered":"<p>O presidente da CBF, Rog\u00e9rio Caboclo, foi denunciado, nesta sexta-feira, por uma funcion\u00e1ria da confedera\u00e7\u00e3o por ass\u00e9dio moral e sexual. De acordo com o portal &#8220;GloboEsporte&#8221;, a acusa\u00e7\u00e3o foi protocolada na Comiss\u00e3o de \u00c9tica da CBF e na Diretoria de Governan\u00e7a e Conformidade. A autora da den\u00fancia relatou os abusos vividos por ela desde abril &hellip;<\/p>\n","protected":false},"author":1,"featured_media":16318,"comment_status":"closed","ping_status":"closed","sticky":false,"template":"","format":"standard","meta":{"_jetpack_newsletter_access":"","_jetpack_dont_email_post_to_subs":false,"_jetpack_newsletter_tier_id":0,"_jetpack_memberships_contains_paywalled_content":false,"_jetpack_memberships_contains_paid_content":false,"footnotes":""},"categories":[1],"tags":[],"class_list":["post-16317","post","type-post","status-publish","format-standard","has-post-thumbnail","hentry","category-destaque"],"jetpack_sharing_enabled":true,"jetpack_featured_media_url":"","_links":{"self":[{"href":"https:\/\/www.oparanews.com.br\/index.php\/wp-json\/wp\/v2\/posts\/16317","targetHints":{"allow":["GET"]}}],"collection":[{"href":"https:\/\/www.oparanews.com.br\/index.php\/wp-json\/wp\/v2\/posts"}],"about":[{"href":"https:\/\/www.oparanews.com.br\/index.php\/wp-json\/wp\/v2\/types\/post"}],"author":[{"embeddable":true,"href":"https:\/\/www.oparanews.com.br\/index.php\/wp-json\/wp\/v2\/users\/1"}],"replies":[{"embeddable":true,"href":"https:\/\/www.oparanews.com.br\/index.php\/wp-json\/wp\/v2\/comments?post=16317"}],"version-history":[{"count":0,"href":"https:\/\/www.oparanews.com.br\/index.php\/wp-json\/wp\/v2\/posts\/16317\/revisions"}],"wp:attachment":[{"href":"https:\/\/www.oparanews.com.br\/index.php\/wp-json\/wp\/v2\/media?parent=16317"}],"wp:term":[{"taxonomy":"category","embeddable":true,"href":"https:\/\/www.oparanews.com.br\/index.php\/wp-json\/wp\/v2\/categories?post=16317"},{"taxonomy":"post_tag","embeddable":true,"href":"https:\/\/www.oparanews.com.br\/index.php\/wp-json\/wp\/v2\/tags?post=16317"}],"curies":[{"name":"wp","href":"https:\/\/api.w.org\/{rel}","templated":true}]}}