{"id":16320,"date":"2021-06-04T23:56:53","date_gmt":"2021-06-04T23:56:53","guid":{"rendered":"https:\/\/oparanews.com.br\/?p=16320"},"modified":"2021-06-04T23:56:53","modified_gmt":"2021-06-04T23:56:53","slug":"xuxa-chora-ao-tomar-primeira-dose-de-vacina-contra-a-covid-19","status":"publish","type":"post","link":"https:\/\/www.oparanews.com.br\/index.php\/2021\/06\/04\/xuxa-chora-ao-tomar-primeira-dose-de-vacina-contra-a-covid-19\/","title":{"rendered":"Xuxa chora ao tomar primeira dose de vacina contra a covid-19"},"content":{"rendered":"<p>Xuxa Meneghel, de 58 anos, usou o seu Instagram, nesta sexta-feira (4), para compartilhar o momento em que recebeu a primeira dose da vacina contra a covid-19. Ao receber o imunizante, a apresentadora se emocionou.<\/p>\n<p>A vacina\u00e7\u00e3o dela ocorreu na quadra da escola de samba Mocidade Independente de Padre Miguel, zona oeste do Rio de Janeiro. \u201c\u00c9 uma mistura de tudo, sei l\u00e1, felicidade, com dever cumprido comigo e com pessoas que eu gosto, uma mistura de muita coisa\u201d, afirmou a loira.<\/p>\n<p>\u201cA gente ouve tanta coisa que n\u00e3o vai sair, que n\u00e3o vinha e saiu, est\u00e1 aqui no meu bra\u00e7o. Que bom que chegou meu dia, minha idade, gra\u00e7as a Deus\u201d, seguiu a ex-apresentadora da Record.<\/p>\n<p>Ao final do v\u00eddeo compartilhado por ela, a comunicadora agradeceu os profissionais de sa\u00fade do local, com quem posou para uma foto.<\/p>\n<p>Xuxa aproveitou as postagens para alertar os seus f\u00e3s sobre a pandemia e pedindo pela vacina. A loira ainda fez quest\u00e3o de criticar quem n\u00e3o pretendia se imunizar contra a covid-19.<\/p>\n<p>\u201cNunca tomamos vacina perguntando se tinha contraindica\u00e7\u00e3o, apenas tom\u00e1vamos. Ouvi muita gente dizendo que n\u00e3o vai tomar, que Deus proteja a todos n\u00f3s, pois isso \u00e9 um sinal de que nada vai mudar\u201d, escreveu a apresentadora.<\/p>\n<p>Recentemente, em um podcast da revista Marie Claire, a Rainha dos Baixinhos abriu o jogo sobre v\u00e1rios assuntos e disse que n\u00e3o quer mais ser algu\u00e9m que se silencia diante de assuntos pertinentes \u00e0 sociedade.<\/p>\n<p>\u201cAntigamente era muito f\u00e1cil ser apol\u00edtica, mas no mundo que a gente est\u00e1 vivendo, com o presidente falando essas coisas\u2026 Se voc\u00ea se cala, est\u00e1 concordando com ele\u201d, disparou.<\/p>\n<p>Em seguida, falou sobre levantar a bandeira do veganismo e assumiu: \u201cO veganismo melhorou demais meu sexo com o Ju\u201d. Ela disse que n\u00e3o tem tempo ruim para os dois e enfatizou:<\/p>\n<p>\u201cTem homem que reclama que est\u00e1 com dor de cabe\u00e7a, preocupado com a pandemia ou cansado\u2026 Tudo para n\u00e3o transar. Aqui em casa \u00e9 o contr\u00e1rio. Se a gente viaja, se a gente n\u00e3o viaja, se a gente t\u00e1 cansado, se a gente n\u00e3o t\u00e1 cansado, se a gente v\u00ea televis\u00e3o, se a gente n\u00e3o v\u00ea televis\u00e3o\u2026 Tudo \u00e9 motivo para comemorar com uma transa.\u201d<\/p>\n<p>&nbsp;<\/p>\n<p><strong>Fonte: RD1<\/strong><\/p>\n<p>&nbsp;<\/p>\n","protected":false},"excerpt":{"rendered":"<p>Xuxa Meneghel, de 58 anos, usou o seu Instagram, nesta sexta-feira (4), para compartilhar o momento em que recebeu a primeira dose da vacina contra a covid-19. Ao receber o imunizante, a apresentadora se emocionou. A vacina\u00e7\u00e3o dela ocorreu na quadra da escola de samba Mocidade Independente de Padre Miguel, zona oeste do Rio de &hellip;<\/p>\n","protected":false},"author":1,"featured_media":16321,"comment_status":"closed","ping_status":"closed","sticky":false,"template":"","format":"standard","meta":{"_jetpack_newsletter_access":"","_jetpack_dont_email_post_to_subs":false,"_jetpack_newsletter_tier_id":0,"_jetpack_memberships_contains_paywalled_content":false,"_jetpack_memberships_contains_paid_content":false,"footnotes":""},"categories":[1],"tags":[],"class_list":["post-16320","post","type-post","status-publish","format-standard","has-post-thumbnail","hentry","category-destaque"],"jetpack_sharing_enabled":true,"jetpack_featured_media_url":"","_links":{"self":[{"href":"https:\/\/www.oparanews.com.br\/index.php\/wp-json\/wp\/v2\/posts\/16320","targetHints":{"allow":["GET"]}}],"collection":[{"href":"https:\/\/www.oparanews.com.br\/index.php\/wp-json\/wp\/v2\/posts"}],"about":[{"href":"https:\/\/www.oparanews.com.br\/index.php\/wp-json\/wp\/v2\/types\/post"}],"author":[{"embeddable":true,"href":"https:\/\/www.oparanews.com.br\/index.php\/wp-json\/wp\/v2\/users\/1"}],"replies":[{"embeddable":true,"href":"https:\/\/www.oparanews.com.br\/index.php\/wp-json\/wp\/v2\/comments?post=16320"}],"version-history":[{"count":0,"href":"https:\/\/www.oparanews.com.br\/index.php\/wp-json\/wp\/v2\/posts\/16320\/revisions"}],"wp:attachment":[{"href":"https:\/\/www.oparanews.com.br\/index.php\/wp-json\/wp\/v2\/media?parent=16320"}],"wp:term":[{"taxonomy":"category","embeddable":true,"href":"https:\/\/www.oparanews.com.br\/index.php\/wp-json\/wp\/v2\/categories?post=16320"},{"taxonomy":"post_tag","embeddable":true,"href":"https:\/\/www.oparanews.com.br\/index.php\/wp-json\/wp\/v2\/tags?post=16320"}],"curies":[{"name":"wp","href":"https:\/\/api.w.org\/{rel}","templated":true}]}}