{"id":16331,"date":"2021-06-05T22:24:54","date_gmt":"2021-06-05T22:24:54","guid":{"rendered":"https:\/\/oparanews.com.br\/?p=16331"},"modified":"2021-06-05T22:24:54","modified_gmt":"2021-06-05T22:24:54","slug":"olimpiadas-cabo-verde-vence-brasil-em-amistoso","status":"publish","type":"post","link":"https:\/\/www.oparanews.com.br\/index.php\/2021\/06\/05\/olimpiadas-cabo-verde-vence-brasil-em-amistoso\/","title":{"rendered":"Olimp\u00edadas: Cabo Verde vence Brasil em amistoso"},"content":{"rendered":"<p>Neste s\u00e1bado, 5, a Sele\u00e7\u00e3o Brasileira Ol\u00edmpica enfrentou a Sele\u00e7\u00e3o de Cabo Verde no Est\u00e1dio Partizan, em Belgrado, capital da S\u00e9rvia, em amistoso preparat\u00f3rio para os Jogos de T\u00f3quio. O confronto terminou com vit\u00f3ria de Cabo Verde por 2 a 1, com a equipe africana marcando com Lisandro Semedo e Willy Semedo, enquanto o Brasil marcou com Pedro.<\/p>\n<p>O Brasil conseguiu a sua grande chance aos 37 minutos da primeira etapa, quando uma jogada de Pedro viu o defensor Roberto Lopes colocar a m\u00e3o na bola. Com o p\u00eanalti assinalado, o atacante do Flamengo foi para a cobran\u00e7a e abriu o placar para a Sele\u00e7\u00e3o.<\/p>\n<p><strong>EMPATE<\/strong><\/p>\n<p>Pouco tempo depois do gol de Pedro, aos 45 minutos, o Cabo Verde conseguiu marcar o seu gol de empate. Lisandro Semedo chegou sozinho na \u00e1rea e, ap\u00f3s receber a bola que chegou da esquerda, conseguiu bater de primeira para deixar tudo igual.<\/p>\n<p><strong>VIRADA<\/strong><\/p>\n<p>Aos 38 minutos do segundo tempo, a Sele\u00e7\u00e3o Ol\u00edmpica viu todo o esfor\u00e7o feito por ela cair por terra. Ap\u00f3s um grande erro na sa\u00edda de bola do Brasil com Gabriel Magalh\u00e3es e Guilherme Arana, Willy Semedo tomou a bola e fez um chute muito forte sem deixar chances para o goleiro Cleiton.<\/p>\n<p><strong>ATAQUE BRASILEIRO<\/strong><\/p>\n<p>Apesar do resultado, o Brasil foi quem conseguiu mostrar maior volume de jogo. O ataque da Sele\u00e7\u00e3o Ol\u00edmpica, na partida deste s\u00e1bado, apresentou-se de forma forte, criando muitas chances, e pressionado o Cabo Verde at\u00e9 o apito final.<\/p>\n<p><strong>SEQU\u00caNCIA<\/strong><\/p>\n<p>A Sele\u00e7\u00e3o Ol\u00edmpica entra em campo nesta ter\u00e7a-feira, \u00e0s 14h (de Bras\u00edlia), contra a S\u00e9rvia.<\/p>\n<p>&nbsp;<\/p>\n<p><strong>Fonte: Lance<\/strong><\/p>\n<p>&nbsp;<\/p>\n","protected":false},"excerpt":{"rendered":"<p>Neste s\u00e1bado, 5, a Sele\u00e7\u00e3o Brasileira Ol\u00edmpica enfrentou a Sele\u00e7\u00e3o de Cabo Verde no Est\u00e1dio Partizan, em Belgrado, capital da S\u00e9rvia, em amistoso preparat\u00f3rio para os Jogos de T\u00f3quio. O confronto terminou com vit\u00f3ria de Cabo Verde por 2 a 1, com a equipe africana marcando com Lisandro Semedo e Willy Semedo, enquanto o Brasil &hellip;<\/p>\n","protected":false},"author":1,"featured_media":16332,"comment_status":"closed","ping_status":"closed","sticky":false,"template":"","format":"standard","meta":{"_jetpack_newsletter_access":"","_jetpack_dont_email_post_to_subs":false,"_jetpack_newsletter_tier_id":0,"_jetpack_memberships_contains_paywalled_content":false,"_jetpack_memberships_contains_paid_content":false,"footnotes":""},"categories":[1],"tags":[],"class_list":["post-16331","post","type-post","status-publish","format-standard","has-post-thumbnail","hentry","category-destaque"],"jetpack_sharing_enabled":true,"jetpack_featured_media_url":"","_links":{"self":[{"href":"https:\/\/www.oparanews.com.br\/index.php\/wp-json\/wp\/v2\/posts\/16331","targetHints":{"allow":["GET"]}}],"collection":[{"href":"https:\/\/www.oparanews.com.br\/index.php\/wp-json\/wp\/v2\/posts"}],"about":[{"href":"https:\/\/www.oparanews.com.br\/index.php\/wp-json\/wp\/v2\/types\/post"}],"author":[{"embeddable":true,"href":"https:\/\/www.oparanews.com.br\/index.php\/wp-json\/wp\/v2\/users\/1"}],"replies":[{"embeddable":true,"href":"https:\/\/www.oparanews.com.br\/index.php\/wp-json\/wp\/v2\/comments?post=16331"}],"version-history":[{"count":0,"href":"https:\/\/www.oparanews.com.br\/index.php\/wp-json\/wp\/v2\/posts\/16331\/revisions"}],"wp:attachment":[{"href":"https:\/\/www.oparanews.com.br\/index.php\/wp-json\/wp\/v2\/media?parent=16331"}],"wp:term":[{"taxonomy":"category","embeddable":true,"href":"https:\/\/www.oparanews.com.br\/index.php\/wp-json\/wp\/v2\/categories?post=16331"},{"taxonomy":"post_tag","embeddable":true,"href":"https:\/\/www.oparanews.com.br\/index.php\/wp-json\/wp\/v2\/tags?post=16331"}],"curies":[{"name":"wp","href":"https:\/\/api.w.org\/{rel}","templated":true}]}}