{"id":16354,"date":"2021-06-06T22:00:35","date_gmt":"2021-06-06T22:00:35","guid":{"rendered":"https:\/\/oparanews.com.br\/?p=16354"},"modified":"2021-06-06T22:00:35","modified_gmt":"2021-06-06T22:00:35","slug":"10-da-populacao-penedense-esta-imunizada-contra-a-covid-19-2","status":"publish","type":"post","link":"https:\/\/www.oparanews.com.br\/index.php\/2021\/06\/06\/10-da-populacao-penedense-esta-imunizada-contra-a-covid-19-2\/","title":{"rendered":"10% da popula\u00e7\u00e3o penedense est\u00e1 imunizada contra a Covid-19"},"content":{"rendered":"<p>Segundo dados divulgados pela Secretaria Municipal de Sa\u00fade de Penedo, atrav\u00e9s do boletim epidemiol\u00f3gico deste s\u00e1bado (05), 17.405 pessoas j\u00e1 tomaram pelo menos uma da vacina contra o novo Coronav\u00edrus. Desse total, 6.700 pessoas tomaram a segunda dose, com isso completando o ciclo da vacina\u00e7\u00e3o. Como Penedo tem 63.846 habitantes, a taxa da popula\u00e7\u00e3o imunizada por completo \u00e9 de 10,50%.<\/p>\n<p>As vacinas dispon\u00edveis, tanto a Astrazeneca quanto a Coronavac requer duas doses para completar a imuniza\u00e7\u00e3o. Outra vacina (Pfizer) ficar\u00e1 dispon\u00edvel para os penedenses nas pr\u00f3ximas semanas, haja vista, que esta exige cuidados de manuseio criterioso e um armazenamento adequado. A Secretaria de Sa\u00fade trabalha para treinar os t\u00e9cnicos de enfermagem e adequar um espa\u00e7o para a chegada desta vacina.<\/p>\n<p>Apesar de imunizar pouco mais de 10% da popula\u00e7\u00e3o, Penedo vem avan\u00e7ando na vacina\u00e7\u00e3o contra o novo Coronav\u00edrus gra\u00e7as ao trabalho do pessoal da Secretaria Municipal de Sa\u00fade, em nome do secret\u00e1rio Guilherme Lopes e principalmente das pessoas que est\u00e3o se conscientizando de que o \u00fanico meio de vencer a Covid-19 \u00e9 a vacina\u00e7\u00e3o.<\/p>\n<p>&nbsp;<\/p>\n<p><strong>por Reda\u00e7\u00e3o<\/strong><\/p>\n<p>&nbsp;<\/p>\n","protected":false},"excerpt":{"rendered":"<p>Segundo dados divulgados pela Secretaria Municipal de Sa\u00fade de Penedo, atrav\u00e9s do boletim epidemiol\u00f3gico deste s\u00e1bado (05), 17.405 pessoas j\u00e1 tomaram pelo menos uma da vacina contra o novo Coronav\u00edrus. Desse total, 6.700 pessoas tomaram a segunda dose, com isso completando o ciclo da vacina\u00e7\u00e3o. Como Penedo tem 63.846 habitantes, a taxa da popula\u00e7\u00e3o imunizada &hellip;<\/p>\n","protected":false},"author":1,"featured_media":2629,"comment_status":"closed","ping_status":"closed","sticky":false,"template":"","format":"standard","meta":{"_jetpack_newsletter_access":"","_jetpack_dont_email_post_to_subs":false,"_jetpack_newsletter_tier_id":0,"_jetpack_memberships_contains_paywalled_content":false,"_jetpack_memberships_contains_paid_content":false,"footnotes":""},"categories":[1],"tags":[],"class_list":["post-16354","post","type-post","status-publish","format-standard","has-post-thumbnail","hentry","category-destaque"],"jetpack_sharing_enabled":true,"jetpack_featured_media_url":"","_links":{"self":[{"href":"https:\/\/www.oparanews.com.br\/index.php\/wp-json\/wp\/v2\/posts\/16354","targetHints":{"allow":["GET"]}}],"collection":[{"href":"https:\/\/www.oparanews.com.br\/index.php\/wp-json\/wp\/v2\/posts"}],"about":[{"href":"https:\/\/www.oparanews.com.br\/index.php\/wp-json\/wp\/v2\/types\/post"}],"author":[{"embeddable":true,"href":"https:\/\/www.oparanews.com.br\/index.php\/wp-json\/wp\/v2\/users\/1"}],"replies":[{"embeddable":true,"href":"https:\/\/www.oparanews.com.br\/index.php\/wp-json\/wp\/v2\/comments?post=16354"}],"version-history":[{"count":0,"href":"https:\/\/www.oparanews.com.br\/index.php\/wp-json\/wp\/v2\/posts\/16354\/revisions"}],"wp:attachment":[{"href":"https:\/\/www.oparanews.com.br\/index.php\/wp-json\/wp\/v2\/media?parent=16354"}],"wp:term":[{"taxonomy":"category","embeddable":true,"href":"https:\/\/www.oparanews.com.br\/index.php\/wp-json\/wp\/v2\/categories?post=16354"},{"taxonomy":"post_tag","embeddable":true,"href":"https:\/\/www.oparanews.com.br\/index.php\/wp-json\/wp\/v2\/tags?post=16354"}],"curies":[{"name":"wp","href":"https:\/\/api.w.org\/{rel}","templated":true}]}}