{"id":16362,"date":"2021-06-07T00:32:07","date_gmt":"2021-06-07T00:32:07","guid":{"rendered":"https:\/\/oparanews.com.br\/?p=16362"},"modified":"2021-06-07T00:32:07","modified_gmt":"2021-06-07T00:32:07","slug":"renan-calheiros-pede-que-selecao-nao-dispute-a-copa-america","status":"publish","type":"post","link":"https:\/\/www.oparanews.com.br\/index.php\/2021\/06\/07\/renan-calheiros-pede-que-selecao-nao-dispute-a-copa-america\/","title":{"rendered":"Renan Calheiros pede que Sele\u00e7\u00e3o n\u00e3o dispute a Copa Am\u00e9rica"},"content":{"rendered":"<p>O relator da CPI da Covid-19, senador Renan Calheiros (MDB-AL), enviou uma carta aos jogadores da Sele\u00e7\u00e3o Brasileira pedindo para que n\u00e3o disputem a Copa Am\u00e9rica de Futebol no Brasil.<\/p>\n<p>A nota prop\u00f5e uma reflex\u00e3o aos atletas e apresenta quatro argumentos contr\u00e1rios \u00e0 realiza\u00e7\u00e3o do evento no Pa\u00eds neste momento.&#8221;As raz\u00f5es para a realiza\u00e7\u00e3o da Copa Am\u00e9rica na imin\u00eancia de uma terceira onda da pandemia no Brasil n\u00e3o corresponde a op\u00e7\u00e3o sanit\u00e1ria mais segura para o povo brasileiro&#8221;.<\/p>\n<p>De acordo com o senador, a decis\u00e3o de n\u00e3o realizar o torneio &#8220;n\u00e3o \u00e9 um ato pol\u00edtico, \u00e9 um gesto de respeito \u00e0 vida de milh\u00f5es de fam\u00edlias enlutadas pela morte e por cicatrizes incur\u00e1veis&#8221;.<\/p>\n<p>Em seu perfil no twitter, o parlamentar disse que &#8220;a sele\u00e7\u00e3o \u00e9 motivo de orgulho. Disputar a Copa pode at\u00e9 gerar trof\u00e9u. N\u00e3o disputar, em nome de vidas, significar\u00e1 sua maior conquista&#8221;.<\/p>\n<p>Neste domingo, 6, partidos de oposi\u00e7\u00e3o no Distrito Federal, sindicatos e movimentos sociais organizaram uma carreata contra a realiza\u00e7\u00e3o da Copa Am\u00e9rica no Brasil. Eles se concentraram na Pra\u00e7a do Buriti, perto da sede do governo distrital, e sa\u00edram \u00e0s 10h30 em dire\u00e7\u00e3o \u00e0 Esplanada dos Minist\u00e9rios.<\/p>\n<p>A carreata reuniu dezenas de carros, com os manifestantes gritando palavras de ordem como &#8220;Copa n\u00e3o, vacina sim&#8221; e &#8220;Fora Bolsonaro&#8221;. Eles percorreram a Esplanada com faixas, cartazes e o apoio de um caminh\u00e3o de som.<\/p>\n<p>Ontem, a Conmebol fez uma reuni\u00e3o por videoconfer\u00eancia que contou com a participa\u00e7\u00e3o do presidente Jair Bolsonaro. Novamente, ele manifestou apoio \u00e0 realiza\u00e7\u00e3o do evento no Pa\u00eds. No entanto, h\u00e1 indicativos de que o elenco da sele\u00e7\u00e3o brasileira pode se recusar a participar. L\u00edderes da equipe prometeram se pronunciar ap\u00f3s o jogo da pr\u00f3xima ter\u00e7a-feira, 8, contra o Paraguai, em Assun\u00e7\u00e3o, pelas Eliminat\u00f3rias da Copa do Mundo.<\/p>\n<p>&nbsp;<\/p>\n<p><strong>Fonte: Estad\u00e3o<\/strong><\/p>\n<p>&nbsp;<\/p>\n","protected":false},"excerpt":{"rendered":"<p>O relator da CPI da Covid-19, senador Renan Calheiros (MDB-AL), enviou uma carta aos jogadores da Sele\u00e7\u00e3o Brasileira pedindo para que n\u00e3o disputem a Copa Am\u00e9rica de Futebol no Brasil. A nota prop\u00f5e uma reflex\u00e3o aos atletas e apresenta quatro argumentos contr\u00e1rios \u00e0 realiza\u00e7\u00e3o do evento no Pa\u00eds neste momento.&#8221;As raz\u00f5es para a realiza\u00e7\u00e3o da &hellip;<\/p>\n","protected":false},"author":1,"featured_media":16363,"comment_status":"closed","ping_status":"closed","sticky":false,"template":"","format":"standard","meta":{"_jetpack_newsletter_access":"","_jetpack_dont_email_post_to_subs":false,"_jetpack_newsletter_tier_id":0,"_jetpack_memberships_contains_paywalled_content":false,"_jetpack_memberships_contains_paid_content":false,"footnotes":""},"categories":[1],"tags":[],"class_list":["post-16362","post","type-post","status-publish","format-standard","has-post-thumbnail","hentry","category-destaque"],"jetpack_sharing_enabled":true,"jetpack_featured_media_url":"","_links":{"self":[{"href":"https:\/\/www.oparanews.com.br\/index.php\/wp-json\/wp\/v2\/posts\/16362","targetHints":{"allow":["GET"]}}],"collection":[{"href":"https:\/\/www.oparanews.com.br\/index.php\/wp-json\/wp\/v2\/posts"}],"about":[{"href":"https:\/\/www.oparanews.com.br\/index.php\/wp-json\/wp\/v2\/types\/post"}],"author":[{"embeddable":true,"href":"https:\/\/www.oparanews.com.br\/index.php\/wp-json\/wp\/v2\/users\/1"}],"replies":[{"embeddable":true,"href":"https:\/\/www.oparanews.com.br\/index.php\/wp-json\/wp\/v2\/comments?post=16362"}],"version-history":[{"count":0,"href":"https:\/\/www.oparanews.com.br\/index.php\/wp-json\/wp\/v2\/posts\/16362\/revisions"}],"wp:attachment":[{"href":"https:\/\/www.oparanews.com.br\/index.php\/wp-json\/wp\/v2\/media?parent=16362"}],"wp:term":[{"taxonomy":"category","embeddable":true,"href":"https:\/\/www.oparanews.com.br\/index.php\/wp-json\/wp\/v2\/categories?post=16362"},{"taxonomy":"post_tag","embeddable":true,"href":"https:\/\/www.oparanews.com.br\/index.php\/wp-json\/wp\/v2\/tags?post=16362"}],"curies":[{"name":"wp","href":"https:\/\/api.w.org\/{rel}","templated":true}]}}